{"id":1322,"date":"2025-05-31T23:16:03","date_gmt":"2025-05-31T21:16:03","guid":{"rendered":"https:\/\/www.zagros-centre.org\/en\/?p=1322"},"modified":"2025-06-01T02:01:34","modified_gmt":"2025-06-01T00:01:34","slug":"human-rights-situation-in-turkey-january-may-2025","status":"publish","type":"post","link":"https:\/\/www.zagros-centre.org\/en\/?p=1322","title":{"rendered":"Human Rights Situation in T\u00fcrkiye (January \u2013 May 2025)"},"content":{"rendered":"<h4 style=\"text-align: justify;\"><strong>Introduction<\/strong><\/h4>\n<p style=\"text-align: justify;\">In the first half of 2025, the human rights situation in T\u00fcrkiye continues to raise serious concerns within the international community. Despite a constitutional framework that formally guarantees fundamental freedoms, the Turkish authorities have intensified restrictive measures targeting freedom of expression, press freedom, the right to assembly and association, as well as political opposition. In a context marked by the arrest of the Mayor of Istanbul and increased repression of protest movements, the executive branch appears to be systematically using legal and police tools to suppress all forms of dissent.<\/p>\n<p style=\"text-align: justify;\">This report aims to provide a well-documented overview of the state of fundamental rights in T\u00fcrkiye during the early months of 2025. Through the analysis of reliable sources, it highlights repeated violations of press freedom, restrictions imposed on civil society, cases of arbitrary detention, and police violence during demonstrations. Particular attention is given to the situation of journalists, women, and minorities, who are often the primary targets of this authoritarian drift.<\/p>\n<p style=\"text-align: justify;\">At a time when democratic aspirations are increasingly stifled, this report seeks to contribute to the recognition of ongoing violations and to encourage advocacy for the respect of human rights in Turkey.<\/p>\n<h4 style=\"text-align: justify;\"><\/h4>\n<h4 style=\"text-align: justify;\"><strong>Freedom of Expression and the Media<\/strong><\/h4>\n<p style=\"text-align: justify;\"><a href=\"https:\/\/www.arabnews.com\/sites\/default\/files\/styles\/n_670_395\/public\/2020\/12\/31\/2407501-2000620306.jpg?itok=UsKm2QGu\"><img loading=\"lazy\" decoding=\"async\" class=\"alignleft wp-image-1325\" src=\"https:\/\/www.zagros-centre.org\/en\/wp-content\/uploads\/2025\/05\/Turkiye1.jpg\" alt=\"\" width=\"530\" height=\"298\" srcset=\"https:\/\/www.zagros-centre.org\/en\/wp-content\/uploads\/2025\/05\/Turkiye1.jpg 660w, https:\/\/www.zagros-centre.org\/en\/wp-content\/uploads\/2025\/05\/Turkiye1-300x169.jpg 300w\" sizes=\"auto, (max-width: 530px) 100vw, 530px\" \/><\/a>As of early 2025, the state of freedom of expression in T\u00fcrkiye remains deeply troubling. The government maintains tight control over traditional media outlets: the public broadcaster TRT and the Anadolu news agency broadcast official statements, and nearly all television channels and print media align with the executive (1). Independent media outlets, often small in size, survive mainly online. Authorities frequently invoke the Internet Law (No. 5651) to block websites and censor critical content. According to the NGO EngelliWeb, over one million websites have been blocked in T\u00fcrkiye since 2007 (2). This pattern of internet censorship has continued into 2025: for instance, law enforcement authorities briefly suspended Instagram for eight days in August 2024 amid rising tensions in the Middle East (3).<\/p>\n<p style=\"text-align: justify;\">Similarly, access to media content has been further restricted: the Radio and Television Supreme Council (RT\u00dcK), the audiovisual regulatory body, has increased sanctions. By the end of February 2025, RT\u00dcK had issued at least six administrative fines to television channels, temporarily suspended critical programs, and even censored film posters (e.g., cancellation of the screening of &#8220;Yarasalar\u0131n \u0130stilas\u0131&#8221;, and the banning of the film &#8220;Oy&#8217;una Geldik&#8221; for &#8220;legal non-compliance&#8221;) (4). The body regularly threatens to revoke the license of any media outlet that &#8220;does not broadcast in accordance with the desired political direction.&#8221; Overall, the accumulation of judicial decisions and administrative sanctions against the media points to a pattern of systematic censorship of dissenting voices (4)(1).<\/p>\n<p style=\"text-align: justify;\">Moreover, critical journalists continue to face legal prosecution. In the first quarter of 2025, courts opened over 55 investigations against journalists, columnists, or reporters\u2014an unprecedented number over a three-month period\u2014demonstrating the judiciary\u2019s close scrutiny of independent media (4). Many are charged with &#8220;undermining public order&#8221; or &#8220;incitement to hatred&#8221; without substantial evidence, especially under vague terrorism-related accusations directed at critics of the government. For example, seven local representatives of the journalists&#8217; union D\u0130SK-Basin-Is reported being arrested at home on the evening of March 24 and charged with &#8220;violating the law on meetings and demonstrations&#8221; before being released under judicial control two days later (5)(4). These mass arrests of journalists during the late March protests were denounced by unions as an &#8220;assault on press freedom.&#8221;<\/p>\n<p style=\"text-align: justify;\">Independent studies confirm the increasing pressure: the BIA Media Monitoring Report (Jan\u2013Mar 2025) notes that many journalists have been harassed by both judicial and administrative proceedings. During this period, several prominent journalists prosecuted for their work were acquitted after years of detention (including reporters from S\u00f6zc\u00fc, Halk TV, etc.), underscoring the arbitrary nature of the original charges (4). Similarly, the 2025 Human Rights Watch report recalls that Turkish courts continued to ignore or reject rulings from the European Court of Human Rights (ECHR) in favor of independent media (1).<\/p>\n<p style=\"text-align: justify;\">In conclusion, press and expression freedoms remain severely restricted in T\u00fcrkiye as of early 2025. Public authorities control most media, order internet site blockages, and escalate prosecutions against critical journalists (1)(4). The near-total absence of a media counterbalance fosters self-censorship, while social networks\u2014one of the last spaces of relative freedom\u2014are also heavily monitored and constrained, particularly through content blocks related to protests (6).<\/p>\n<h4><\/h4>\n<h4 style=\"text-align: justify;\">Treatment of Journalists<\/h4>\n<p style=\"text-align: justify;\"><a href=\"https:\/\/www.radiofrance.fr\/s3\/cruiser-production-eu3\/2016\/11\/81b3b3b1-9c9c-44f9-8cb4-36f0666d1fa2\/640x340_rtx2hffr.jpg\"><img loading=\"lazy\" decoding=\"async\" class=\"alignright wp-image-1326\" src=\"https:\/\/www.zagros-centre.org\/en\/wp-content\/uploads\/2025\/05\/Turkiye2.jpg\" alt=\"\" width=\"530\" height=\"316\" srcset=\"https:\/\/www.zagros-centre.org\/en\/wp-content\/uploads\/2025\/05\/Turkiye2.jpg 670w, https:\/\/www.zagros-centre.org\/en\/wp-content\/uploads\/2025\/05\/Turkiye2-300x179.jpg 300w\" sizes=\"auto, (max-width: 530px) 100vw, 530px\" \/><\/a>The treatment of journalists in T\u00fcrkiye during the first half of 2025 is particularly alarming. Reporters covering political demonstrations or criticizing the government are confronted with criminal charges and reprisals. Among the most notable cases, seven journalists who reported on the protests following the arrest of the Mayor of Istanbul were prosecuted for &#8220;unarmed participation in an illegal gathering&#8221; (protest law) (7). These seven media professionals\u2014ranging from AFP to Now Haber and the pro-HDP channel Tele 1\u2014were briefly detained on March 25 on charges of &#8220;spreading fear&#8221; and &#8220;breaking the law,&#8221; before being released on conditional terms two days later (7). Local press organizations condemned these prosecutions as a &#8220;tool of pressure to silence&#8221; independent coverage of the events (8)(9).<\/p>\n<p style=\"text-align: justify;\">Additionally, foreign journalists have been imprisoned or expelled for their work. BBC correspondent Mark Lowen, present to cover the demonstrations in Istanbul, was arrested at his hotel on March 26 and expelled the next day on charges of &#8220;disturbing public order&#8221; (7). On the same day, Swedish journalist Joakim Medin (of the newspaper Dagens ETC) was detained upon his arrival in T\u00fcrkiye to cover the protests. He was later imprisoned for &#8220;membership in an armed terrorist organization&#8221; and &#8220;insulting the president&#8221; (7), charges widely criticized on the international stage. AFP strongly demanded their release, and even the European Commission emphasized that T\u00fcrkiye, as an &#8220;aspiring EU candidate,&#8221; must uphold press freedom (7)(10).<\/p>\n<p style=\"text-align: justify;\">Other cases also illustrate the repressive climate: at the beginning of February, three investigative journalists (Elif Akg\u00fcl, Y\u0131ld\u0131z Tar, and Erc\u00fcment Akdeniz) were imprisoned as of February 22 as part of an investigation into the Peoples&#8217; Democratic Congress (HDK, linked to the pro-Kurdish HDP party) (9). Several other reporters were placed under house arrest or prosecuted in the same case, merely for analyzing political unrest. These proceedings place a heavy burden on press freedom and are clearly intended to intimidate independent journalists.<\/p>\n<p style=\"text-align: justify;\">Finally, the overall atmosphere is exacerbated by the fact that official media frequently label critical journalists as &#8220;terrorist propagandists.&#8221; For instance, in March 2025, state channels aired unsubstantiated accusations against correspondents from major international agencies. In parallel, the declining number of independent media outlets (due to administrative closures and intimidation) confirms that the entire profession now operates under constant threat. As a result, investigative journalism and critical reporting are becoming increasingly rare, which, according to NGOs, constitutes a serious violation of the public&#8217;s right to information (9)(10).<\/p>\n<h4><\/h4>\n<h4 style=\"text-align: justify;\">Freedom of Assembly and Association<\/h4>\n<p style=\"text-align: justify;\"><img loading=\"lazy\" decoding=\"async\" class=\"alignleft wp-image-1327\" src=\"https:\/\/www.zagros-centre.org\/en\/wp-content\/uploads\/2025\/05\/Turkiye3.jpg\" alt=\"\" width=\"530\" height=\"313\" srcset=\"https:\/\/www.zagros-centre.org\/en\/wp-content\/uploads\/2025\/05\/Turkiye3.jpg 1269w, https:\/\/www.zagros-centre.org\/en\/wp-content\/uploads\/2025\/05\/Turkiye3-300x177.jpg 300w, https:\/\/www.zagros-centre.org\/en\/wp-content\/uploads\/2025\/05\/Turkiye3-1024x604.jpg 1024w, https:\/\/www.zagros-centre.org\/en\/wp-content\/uploads\/2025\/05\/Turkiye3-768x453.jpg 768w\" sizes=\"auto, (max-width: 530px) 100vw, 530px\" \/>The freedoms of assembly and association have been extremely curtailed during the first months of 2025. In response to the rising wave of protests, the authorities issued sweeping bans on demonstrations in major cities. For example, a provincial decree dated March 19 prohibited all protests in Istanbul (already suspended as of March 19), with similar bans enforced in Ankara and Izmir around March 21 (11). A heavy police presence, including checkpoints and vehicle inspections, was deployed to prevent gatherings from forming (11)(12)(13).<\/p>\n<p style=\"text-align: justify;\">These bans specifically targeted demonstrations in support of the imprisoned Mayor of Istanbul, officially justified by the &#8220;risk of illegal activity,&#8221; but widely criticized as a shutdown of public space. Despite the ban, hundreds of thousands of people took to the streets across T\u00fcrkiye in late March to protest the opposition mayor&#8217;s arrest. Police responded swiftly and forcefully, deploying water cannons, tear gas, smoke grenades, and rubber bullets (13). The official report indicates that more than 1,133 people were arrested during the protests, according to the Interior Minister (13). Authorities claimed that those detained included individuals linked to &#8220;terrorist organizations,&#8221; thereby invoking anti-terror legislation to suppress political dissent. In reality, the majority of these gatherings remained peaceful, with footage showing widespread police violence: many protesters (and journalists covering the events) were injured by tear gas and rubber bullet fire (13)(11).<\/p>\n<p style=\"text-align: justify;\">Repression also extended to civil society organizations. For instance, on March 26, the leaders of the E\u011fitim-Sen teachers&#8217; union were placed under house arrest and charged with &#8220;incitement to commit a crime&#8221; simply for organizing a one-day strike in solidarity with protesting students (11). This judicial crackdown starkly illustrates the severe erosion of the right to strike and union action: any act of solidarity is now equated with &#8220;provocation.&#8221;<\/p>\n<p style=\"text-align: justify;\">Furthermore, the government has moved against several local political figures: in February 2025, seven municipal officials were arrested, and two mayors were removed from office and replaced by state-appointed governors (14). This operation, conducted within the framework of an investigation into the Peoples&#8217; Democratic Congress (HDK), targeted political leaders affiliated with the pro-Kurdish left. In total, 51 activists linked to the HDK were detained (30 of whom were placed in pre-trial detention) in connection with this case (14).<\/p>\n<p style=\"text-align: justify;\">These actions confirm a broader pattern: Turkish authorities enforce stringent judicial and administrative control over associations and political parties, especially those from minority or opposition groups, thereby violating the right of association and undermining democratic local representation (14)(11).<\/p>\n<p style=\"text-align: justify;\">Moreover, NGOs and human rights organizations also face mounting pressure. Several leaders of the Human Rights Association (\u0130HD) and various unions have been sentenced to lengthy prison terms, often for speaking out about the war in Kurdistan or criticizing national security practices (14). For example, \u0130HD reports that several of its senior members have been imprisoned following trials deemed &#8220;political.&#8221; In an environment where the rule of law is severely weakened, even non-governmental organizations struggle to operate without fear of reprisals.<\/p>\n<h4 data-pm-slice=\"1 1 []\"><\/h4>\n<h4 style=\"text-align: justify;\" data-pm-slice=\"1 1 []\">Arbitrary Detention and Political Imprisonment<\/h4>\n<p style=\"text-align: justify;\"><a href=\"https:\/\/www.irishtimes.com\/resizer\/v2\/Q6HXFAUABQOIBSJXQZWR6E3O7E.jpg?auth=3ecd36c1c2301c7f91092678ce5486d6d986bcc12dac8753f3699617a4b6d761&amp;smart=true&amp;width=1600&amp;height=1200\"><img loading=\"lazy\" decoding=\"async\" class=\"alignright wp-image-1328\" src=\"https:\/\/www.zagros-centre.org\/en\/wp-content\/uploads\/2025\/05\/Turkiye4.jpg\" alt=\"\" width=\"530\" height=\"354\" srcset=\"https:\/\/www.zagros-centre.org\/en\/wp-content\/uploads\/2025\/05\/Turkiye4.jpg 1024w, https:\/\/www.zagros-centre.org\/en\/wp-content\/uploads\/2025\/05\/Turkiye4-300x200.jpg 300w, https:\/\/www.zagros-centre.org\/en\/wp-content\/uploads\/2025\/05\/Turkiye4-768x512.jpg 768w\" sizes=\"auto, (max-width: 530px) 100vw, 530px\" \/><\/a>The first months of 2025 have seen a marked increase in politically motivated detentions and imprisonments. A major warning sign came in late March, when an Istanbul court placed the city\u2019s mayor and prominent opposition figure, Ekrem \u0130mamo\u011flu, in pretrial detention under allegations of corruption. This measure, which effectively suspended him from his municipal duties, has been interpreted by numerous observers as a major political maneuver aimed at eliminating a key rival to President Erdo\u011fan from the electoral arena (15)(16).<\/p>\n<p style=\"text-align: justify;\">This event triggered the largest wave of political arrests in T\u00fcrkiye in years. In addition to \u0130mamo\u011flu himself, law enforcement officials detained 1,133 protesters across the country within one week (17). According to the authorities, some detainees were linked to \u201cterrorist organizations,\u201d but this characterization has been criticized as excessive by human rights organizations.<\/p>\n<p style=\"text-align: justify;\">Among those detained were several opposition political and union figures. Senior members of the Republican People&#8217;s Party (CHP), along with personalities from the Kurdish left, were briefly imprisoned before being released under judicial supervision. Meanwhile, the government stepped up prosecutions initiated as part of the HDK investigation: between February and March, a new wave of police custody targeted various opposition members, often under charges of &#8220;terrorism financing&#8221; based on their participation in political or trade union meetings.<\/p>\n<p style=\"text-align: justify;\">The precise outcome of these proceedings remains unclear, but local NGOs consider the judicial repression to be systematic and arbitrary. Legal guarantees appear severely undermined. Numerous political detainees have denounced the lack of serious investigation into the charges against them and the opacity surrounding their interrogations. Anti-terrorism courts, often used against opponents, routinely reject requests for release from pretrial detention, as evidenced by the case of the seven journalists discussed earlier.<\/p>\n<p style=\"text-align: justify;\">Moreover, T\u00fcrkiye continues to disregard judgments by the European Court of Human Rights (ECHR). On several occasions in 2024, the Court had ordered the release of prisoners of conscience, but these rulings were ignored in 2025 (18). Prison conditions also remain a concern, with reports of inhumane treatment, chronic overcrowding, and abuse persisting. Some political prisoners have resorted to hunger strikes in protest against the authorities&#8217; refusal to respond to their appeals for dialogue. As a result, Turkish prisons\u2014particularly those designated for terrorism suspects\u2014remain sites of grave violations of fundamental rights.<\/p>\n<h4><\/h4>\n<h4 style=\"text-align: justify;\">Rights of Women<\/h4>\n<p style=\"text-align: justify;\"><a href=\"https:\/\/www.aljazeera.com\/wp-content\/uploads\/2022\/07\/2021-07-04T180036Z_1906457547_RC2UDO9AFMIB_RTRMADP_3_TURKEY-RIGHTS-WOMEN.jpg?resize=770%2C513&amp;quality=80\"><img loading=\"lazy\" decoding=\"async\" class=\"alignleft wp-image-1329\" src=\"https:\/\/www.zagros-centre.org\/en\/wp-content\/uploads\/2025\/05\/Turkiye5.jpg\" alt=\"\" width=\"530\" height=\"353\" srcset=\"https:\/\/www.zagros-centre.org\/en\/wp-content\/uploads\/2025\/05\/Turkiye5.jpg 1132w, https:\/\/www.zagros-centre.org\/en\/wp-content\/uploads\/2025\/05\/Turkiye5-300x200.jpg 300w, https:\/\/www.zagros-centre.org\/en\/wp-content\/uploads\/2025\/05\/Turkiye5-1024x682.jpg 1024w, https:\/\/www.zagros-centre.org\/en\/wp-content\/uploads\/2025\/05\/Turkiye5-768x512.jpg 768w, https:\/\/www.zagros-centre.org\/en\/wp-content\/uploads\/2025\/05\/Turkiye5-310x205.jpg 310w\" sizes=\"auto, (max-width: 530px) 100vw, 530px\" \/><\/a>The status of women in T\u00fcrkiye in 2025 remains characterized by serious violations, despite the existence of protective legislation. T\u00fcrkiye\u2019s unilateral withdrawal from the Istanbul Convention (on protection against gender-based violence), officially finalized in late 2021, continues to fuel impunity. On March 8, 2025, the Women\u2019s Human Rights Association (Kad\u0131n\u0131n \u0130nsan Haklar\u0131 Derne\u011fi \u2013 K\u0130H) filed a complaint before the ECHR, asserting that the withdrawal\u2014carried out under pressure from nationalist and religious conservative groups\u2014has led to a surge in attacks against women and the LGBT community (19).<\/p>\n<p style=\"text-align: justify;\">Independent media figures highlight the scale of the issue. Bianet regularly publishes its monthly &#8220;Erkek \u015eiddeti&#8221; (Male Violence) monitoring reports. According to these sources:<\/p>\n<ul style=\"text-align: justify;\" data-spread=\"true\">\n<li>January 2025: At least 28 women and 4 children (including one boy) were killed by men, mostly in the context of domestic or sexual violence. Additionally, 39 women were assaulted, and 13 children (both boys and girls) were sexually abused (20)(21).<\/li>\n<li>February 2025: At least 17 women and 9 children were killed. 51 women were assaulted, while 5 children suffered sexual abuse and 8 women were victims of harassment (22).<\/li>\n<li>March 2025: 24 women and 10 children (aged 4 to 11) were killed by men. In the same period, 59 cases of physical violence against women and 15 sexual abuse cases involving children (including boys) were reported (23).<\/li>\n<li>April 2025: At least 36 women and 2 children were killed by intimate partners or relatives. Among them, several minors (including boys) were also sexually assaulted or murdered (24).<\/li>\n<\/ul>\n<p style=\"text-align: justify;\">These figures indicate that within four months, nearly 105 women and 25 children were killed as a result of male violence in T\u00fcrkiye. The perpetrators, often known to the victims (spouses, ex-partners, family members, or neighbors), frequently benefit from judicial leniency. Feminicide cases are dangerously normalized: courts routinely grant sentence reductions or even acquittals, citing motives such as &#8220;passion&#8221; or &#8220;honor&#8221; (27).<\/p>\n<p style=\"text-align: justify;\">The recent re-criminalization of adultery (reintroduced in 2024) raises further concerns over impunity, as adultery has been used as a mitigating circumstance in several feminicide trials.<\/p>\n<p style=\"text-align: justify;\">Beyond lethal violence, other violations undermine women\u2019s dignity and freedoms. Feminist activists and journalists face prosecution on charges such as insult or \u201cterrorist propaganda\u201d for denouncing widespread sexual harassment and assault (sometimes attributed by the state to terrorist groups in order to deflect attention).<\/p>\n<p style=\"text-align: justify;\">Campaigns against female genital mutilation and child marriage\u2014increasingly visible within civil society\u2014receive no formal backing from the government, which remains largely silent on these issues.<\/p>\n<p style=\"text-align: justify;\">Additionally, the prevailing Islamist-conservative climate influences public discourse against contraception and women\u2019s freedom of dress, eroding social secularism and creating a hostile environment for reproductive rights (26).<\/p>\n<p style=\"text-align: justify;\">In summary, women\u2019s rights in T\u00fcrkiye remain under severe threat. The withdrawal from the Istanbul Convention, compounded by the lack of effective investigations into gender-based crimes, has contributed to a situation in which, according to civil society activists, a woman is killed every two to three days in 2025 (25). Authorities show little political will to reverse this trend; on the contrary, repressive legislative initiatives\u2014such as the abortion ban proposed in March 2025 (later abandoned following protests)\u2014illustrate a dangerous conservative shift (28).<\/p>\n<p style=\"text-align: justify;\">Local observers have concluded that in T\u00fcrkiye, &#8220;women are being killed with impunity,&#8221; underscoring the state\u2019s failure to protect its most vulnerable populations.<\/p>\n<p>&nbsp;<\/p>\n<h4 style=\"text-align: justify;\" data-pm-slice=\"1 1 []\">Children\u2019s Rights<\/h4>\n<p style=\"text-align: justify;\"><a href=\"https:\/\/static.bianet.org\/system\/uploads\/1\/articles\/spot_image\/000\/133\/142\/original\/child_labour_gr.jpg\"><img loading=\"lazy\" decoding=\"async\" class=\"alignright wp-image-1330\" src=\"https:\/\/www.zagros-centre.org\/en\/wp-content\/uploads\/2025\/05\/Turkiye6.jpg\" alt=\"\" width=\"530\" height=\"275\" srcset=\"https:\/\/www.zagros-centre.org\/en\/wp-content\/uploads\/2025\/05\/Turkiye6.jpg 501w, https:\/\/www.zagros-centre.org\/en\/wp-content\/uploads\/2025\/05\/Turkiye6-300x156.jpg 300w\" sizes=\"auto, (max-width: 530px) 100vw, 530px\" \/><\/a>The situation of children in T\u00fcrkiye between January and May 2025 is deeply alarming, both in terms of physical security and fundamental freedoms.<\/p>\n<p style=\"text-align: justify;\">With regard to safety, monthly reports on so-called &#8220;male violence&#8221; (see previous section) indicate that at least 25 children were killed during the first quarter of 2025 by adults\u2014often their own fathers or close relatives (29)(30). These tragic incidents affected both boys and girls, some as young as four or six years old, and many were found murdered by stabbing or drowning.<\/p>\n<p style=\"text-align: justify;\">Moreover, numerous minors were victims of sexual abuse or severe physical harm. According to Bianet, five children were sexually abused in February and fifteen in March alone (31)(32). These figures reflect a critical lack of child protection mechanisms: the authorities appear reluctant to conduct independent investigations into such abuses, and sentences handed down to perpetrators remain disproportionately lenient.<\/p>\n<p style=\"text-align: justify;\">Beyond domestic violence, Turkish children endure various forms of rights deprivation. The sporadic resurgence of the Covid-19 pandemic in the winter of 2024\u20132025 did not lead to specific sanitary measures in schools. Many institutions remain poorly equipped in terms of infrastructure and personnel.<\/p>\n<p style=\"text-align: justify;\">Despite a general increase in the national education budget, as noted by Freedom House\u2019s 2025 report, resources remain unevenly distributed. Children from impoverished families are increasingly dropping out of school to engage in child labor. The number of children working on the streets or in informal workshops remains high, and the government has yet to launch any substantial campaign against child labor.<\/p>\n<p style=\"text-align: justify;\">From a legal standpoint, the low minimum age of criminal responsibility (14 years) allows adolescents to be tried as adults, even though the judicial system lacks mechanisms suited to minors.<\/p>\n<p style=\"text-align: justify;\">Cultural and linguistic rights are also restricted. Although legislation nominally permits Kurdish language instruction in primary schools, its implementation remains symbolic at best. As of early 2025, only a handful of schools offer Kurdish-language courses due to a lack of volunteers or infrastructure. Meanwhile, official rhetoric increasingly opposes multilingual education, fostering a hostile environment for minority language instruction.<\/p>\n<p style=\"text-align: justify;\">Similarly, Roma and Alevi children continue to face marginalization and discrimination in both educational settings and access to healthcare, without any targeted protection from the state.<\/p>\n<p style=\"text-align: justify;\">The situation of migrant (refugee) children is equally concerning. T\u00fcrkiye hosts more than 3.5 million migrants, predominantly Syrians, and many of their children live in precarious conditions. NGOs have denounced severe deficiencies in mental health services, particularly for those who have fled conflict zones. The formal education system accommodates only a portion of these children: many do not attend school or are enrolled in overcrowded, under-resourced classes. Although T\u00fcrkiye is a signatory to the Convention on the Rights of the Child, the institutional frameworks to uphold these rights remain largely inadequate.<\/p>\n<p style=\"text-align: justify;\">In summary, children\u2019s rights in T\u00fcrkiye\u2014in terms of physical safety, access to education, and judicial protection\u2014have been gravely undermined during the first half of 2025. Family violence statistics point to a deadly epidemic targeting minors (33)(34), while broader fundamental rights continue to be overlooked by public authorities. Child protection organizations continue to urge the government to adopt an ambitious social policy agenda, but no tangible improvements have yet materialized.<\/p>\n<p>&nbsp;<\/p>\n<h4 style=\"text-align: justify;\">Rights of Minorities and Vulnerable Populations<\/h4>\n<p style=\"text-align: justify;\"><a href=\"https:\/\/www.reddit.com\/media?url=https%3A%2F%2Fpreview.redd.it%2Fnative-languages-of-turkey-2024-v0-35xz5jaqy69d1.png%3Fwidth%3D1080%26crop%3Dsmart%26auto%3Dwebp%26s%3D3ed96685e7ff3d8ff7f813b8ecce674d0b942174\"><img loading=\"lazy\" decoding=\"async\" class=\"alignleft wp-image-1332\" src=\"https:\/\/www.zagros-centre.org\/en\/wp-content\/uploads\/2025\/05\/Turkiye7.jpg\" alt=\"\" width=\"530\" height=\"355\" srcset=\"https:\/\/www.zagros-centre.org\/en\/wp-content\/uploads\/2025\/05\/Turkiye7.jpg 1807w, https:\/\/www.zagros-centre.org\/en\/wp-content\/uploads\/2025\/05\/Turkiye7-300x201.jpg 300w, https:\/\/www.zagros-centre.org\/en\/wp-content\/uploads\/2025\/05\/Turkiye7-1024x687.jpg 1024w, https:\/\/www.zagros-centre.org\/en\/wp-content\/uploads\/2025\/05\/Turkiye7-768x515.jpg 768w, https:\/\/www.zagros-centre.org\/en\/wp-content\/uploads\/2025\/05\/Turkiye7-1536x1030.jpg 1536w, https:\/\/www.zagros-centre.org\/en\/wp-content\/uploads\/2025\/05\/Turkiye7-110x75.jpg 110w\" sizes=\"auto, (max-width: 530px) 100vw, 530px\" \/><\/a>The rights of ethnic, religious, and social minorities continue to be widely violated in T\u00fcrkiye. The most striking example concerns the Kurdish populations in the eastern provinces: Kurdish mayors and political representatives (affiliated with the HDP) have been extensively targeted by emergency procedures. At the beginning of 2025, two municipalities governed by opposition parties lost their elected mayors following accusations of &#8220;links with terrorism&#8221; (35). The government subsequently appointed \u201cspecial administrators\u201d (kayyum) to replace them, effectively stripping thousands of voters of their democratic choice. This precedent confirms T\u00fcrkiye\u2019s ongoing policy of governance through mandate suspensions and state trusteeships, flagrantly contradicting local democratic freedoms.<\/p>\n<p>Moreover, T\u00fcrkiye is home to several religious minorities (Alevi, Christian, Aramean, Yazidi, etc.) and ethnic groups (Greek, Armenian, Jewish), all of whom report continuous discrimination. Their right to association is restricted: for example, Christian minority schools face administrative hurdles, and certain municipal regulations have sought to limit the display of non-Muslim religious symbols. No tangible improvement has been observed for these communities, whose situation remains stalled under a prevailing nationalist atmosphere that often regards them with suspicion or as foreign elements.<\/p>\n<p>Sexual minorities (LGBT+) have likewise been subjected to symbolic and legislative attacks. Under the pretext of safeguarding the \u201ctraditional family,\u201d the government introduced a highly repressive bill targeting LGBT individuals in late February 2025 (36). This draft legislation proposes the inclusion of the concept of \u201cbiological sex\u201d in the penal code and imposes stringent restrictions on gender transition procedures, adding coercive medical requirements and even a humiliating administrative path. It would even criminalize symbolic same-sex marriage ceremonies. In practical terms, a transgender person in T\u00fcrkiye would now be required to prove sterilization and undergo mandatory medical procedures to gain legal recognition of their identity. This dehumanizing policy has been strongly condemned by LGBT and international organizations.<\/p>\n<p>This initiative is part of the government\u2019s \u201c2025: Year of the Family\u201d campaign, which conflates LGBT rights with so-called \u201cforeign propaganda.\u201d Public displays of intolerance have also increased: in Istanbul and Ankara, all LGBT public events (symbolic pride marches, cultural gatherings) have been systematically banned or attacked in 2025. Nationalist groups have physically assaulted participants in such events, emboldened by the authorities\u2019 failure to intervene (37)(38).<\/p>\n<p>This situation confirms the assessment of civil society: T\u00fcrkiye is undergoing an \u201cunprecedented regression in LGBT+ rights.\u201d<\/p>\n<p>Among other vulnerable groups, Roma communities and persons with disabilities continue to face neglect and stigmatization. Roma individuals are frequently arrested for begging or petty offenses, while government aid camps established for them are being closed. Children with disabilities receive minimal educational support despite the existence of relevant legislation. NGOs also report persistent discrimination against non-Syrian migrants and asylum seekers. Iranian Kurdish and Ahmadi communities, for example, have claimed to be targeted by local authorities, who allegedly expel them and seize their property without due process.<\/p>\n<p>Ultimately, whether ethnic, religious, or sexual, the collective and individual rights of minorities in T\u00fcrkiye are gravely threatened. The state promotes national homogeneity and a majoritarian vision of society, systematically attacking dissident identities. Numerous observers have concluded that \u201cno minority is safe\u201d in T\u00fcrkiye, owing to the state apparatus\u2019s persistent refusal to acknowledge societal pluralism. These pressures range from verbal harassment to judicial persecution, forming part of a clear policy of cultural and political uniformity.<\/p>\n<p>&nbsp;<\/p>\n<h4>The Peace Process Between T\u00fcrkiye and the PKK in 2025<\/h4>\n<p style=\"text-align: justify;\"><img loading=\"lazy\" decoding=\"async\" class=\"alignright wp-image-1333\" src=\"https:\/\/www.zagros-centre.org\/en\/wp-content\/uploads\/2025\/05\/Turkiye8.jpg\" alt=\"\" width=\"530\" height=\"352\" srcset=\"https:\/\/www.zagros-centre.org\/en\/wp-content\/uploads\/2025\/05\/Turkiye8.jpg 976w, https:\/\/www.zagros-centre.org\/en\/wp-content\/uploads\/2025\/05\/Turkiye8-300x199.jpg 300w, https:\/\/www.zagros-centre.org\/en\/wp-content\/uploads\/2025\/05\/Turkiye8-768x511.jpg 768w, https:\/\/www.zagros-centre.org\/en\/wp-content\/uploads\/2025\/05\/Turkiye8-310x205.jpg 310w\" sizes=\"auto, (max-width: 530px) 100vw, 530px\" \/>After four decades of conflict that claimed over 40,000 lives, the Kurdistan Workers&#8217; Party (PKK) announced a unilateral ceasefire on 1 March 2025, in response to an appeal for peace and democratic coexistence by its imprisoned founder, Abdullah \u00d6calan (39). The PKK\u2019s executive committee, based in northern Iraq, declared that no armed actions would be taken unless attacked, marking a major step toward the cessation of hostilities (39).<\/p>\n<p>This development followed four months of dialogue between Turkish authorities and the main pro-Kurdish party, DEM. From his prison on Imrali Island, \u00d6calan urged the PKK to lay down arms and dissolve, declaring the era of armed struggle over and assuming historical responsibility for this call (39).<\/p>\n<p>On 12 May 2025, the PKK officially announced its decision to disarm and dissolve, stating that it had fulfilled its historical mission by paving the way for a political resolution to the Kurdish issue (40). This declaration was welcomed by President Recep Tayyip Erdo\u011fan, who underscored its significance for national security and regional peace, while emphasizing that the process would be closely monitored to prevent setbacks (40).<\/p>\n<p>Despite these advances, uncertainties remain regarding whether this decision will extend to PKK-affiliated groups, such as the Syrian Democratic Forces (SDF) and the People&#8217;s Protection Units (YPG), which have not yet agreed to disarm. The Turkish government insists that disarmament must include all PKK-affiliated branches (40).<\/p>\n<p>In addition, the Turkish National Security Council stated that it would closely oversee the disarmament and dissolution of the PKK and its affiliates, affirming that the goal of a terror-free T\u00fcrkiye would further strengthen national unity and solidarity (41).<\/p>\n<p>This peace process represents a historic opportunity to end a long and bloody conflict. However, its success will depend on the effective implementation of the commitments made, the resolution of outstanding issues concerning affiliated groups, and the political will of all stakeholders.<\/p>\n<p>&nbsp;<\/p>\n<h4 style=\"text-align: justify;\">Racism<\/h4>\n<p style=\"text-align: justify;\"><a href=\"https:\/\/kms.jadaliyya.com\/Images\/357x383xo\/190902042354338~Syriansbeach.png\"><img loading=\"lazy\" decoding=\"async\" class=\"alignleft wp-image-1334\" src=\"https:\/\/www.zagros-centre.org\/en\/wp-content\/uploads\/2025\/05\/Turkiye9.jpg\" alt=\"\" width=\"530\" height=\"314\" srcset=\"https:\/\/www.zagros-centre.org\/en\/wp-content\/uploads\/2025\/05\/Turkiye9.jpg 1075w, https:\/\/www.zagros-centre.org\/en\/wp-content\/uploads\/2025\/05\/Turkiye9-300x178.jpg 300w, https:\/\/www.zagros-centre.org\/en\/wp-content\/uploads\/2025\/05\/Turkiye9-1024x607.jpg 1024w, https:\/\/www.zagros-centre.org\/en\/wp-content\/uploads\/2025\/05\/Turkiye9-768x455.jpg 768w\" sizes=\"auto, (max-width: 530px) 100vw, 530px\" \/><\/a>In 2025, racism in T\u00fcrkiye continues to fuel significant social and political tensions. Although the Turkish Constitution formally guarantees equality among citizens regardless of origin, numerous reports point to systemic discriminatory practices and increasingly aggressive public rhetoric targeting ethnic, religious, or migrant minorities.<\/p>\n<p>First and foremost, xenophobia toward Syrian refugees and Afghan or African migrants has intensified since the beginning of the year. Numerous incidents of racist violence have been reported, including attacks on Syrian-owned businesses in Ankara, Konya, and Istanbul (42). Calls for mass expulsions are frequently echoed on social media by far-right figures, while some local officials have publicly demanded the forced return of refugees to their countries of origin, in blatant disregard of international law.<\/p>\n<p>At the same time, Kurdish citizens continue to be stigmatized in pro-government media and official discourse, which routinely associates them with terrorism. In January 2025, several elected Kurdish mayors were dismissed by executive decree for \u201cseparatist propaganda,\u201d without prior judicial review. The Newroz celebrations were once again heavily policed, and numerous mass arrests occurred, often followed by prolonged detentions without concrete evidence (43)(44).<\/p>\n<p>Armenian, Jewish, and Greek communities in T\u00fcrkiye, although small in number, remain targets of symbolic hostility. Hate speech online, including conspiracy theories associating these groups with \u201cenemies of the nation,\u201d circulates without legal consequences. In April 2025, a synagogue in Istanbul was vandalized, and antisemitic graffiti was found at an Armenian cemetery in Van (45).<\/p>\n<p>The Roma population continues to face deeply rooted social discrimination. In several provinces (notably in the west), Roma families are denied access to rental housing or municipal jobs. Educational discrimination persists: Roma children are placed in segregated classrooms under the pretext of \u201clinguistic adaptation\u201d (46).<\/p>\n<p>In May 2025, Human Rights Watch and several local NGOs condemned the issuance of an administrative circular allowing provincial governors to restrict the movements of populations considered \u201cproblematic\u201d without judicial oversight. Though not explicitly racial in nature, this measure effectively targets neighborhoods with predominantly Roma or Kurdish populations, reinforcing allegations of structural discrimination (47).<\/p>\n<p>The escalation of racism is further exacerbated by the lack of effective anti-discrimination legislation. While T\u00fcrkiye is a signatory to several international conventions, it has no specific law protecting against systemic racism or hate speech. The few complaints filed for incitement to racial hatred are usually dismissed\u2014unless directed at political opponents. Numerous civil society organizations, including the Human Rights Association (\u0130HD), decry a double standard in the application of the law.<\/p>\n<p>&nbsp;<\/p>\n<h4>Conclusion<\/h4>\n<p style=\"text-align: justify;\">In 2025, the human rights situation in T\u00fcrkiye remains deeply concerning. Although certain legal frameworks still exist on paper, their enforcement is severely undermined by authoritarian governance, the instrumentalization of the judiciary, and an increasingly repressive political climate.<\/p>\n<p>Ethnic, religious, and sexual minorities face systemic exclusion policies, while the rights of women and children are routinely violated, often met with institutional indifference or complicity. Gender-based violence, in particular, has reached alarming levels, with high rates of femicides and assaults against minors. Kurdish, LGBT+, Roma, Alevi, refugee, and disabled communities are marginalized, frequently denied fundamental protections, and exposed to public stigmatization.<\/p>\n<p>Moreover, the fragility of the rule of law\u2014evidenced by the politicization of the judiciary, the criminalization of dissent, and the curtailment of freedoms of expression, press, and association\u2014gravely undermines the protection of fundamental rights. Independent media, NGOs, trade unions, and lawyers are under constant surveillance and judicial harassment.<\/p>\n<p>Despite repeated warnings from local and international organizations, the Turkish government continues to pursue a policy of cultural and ideological homogenization, in open defiance of basic democratic principles. In the absence of deep structural reforms, T\u00fcrkiye is moving further away from international human rights standards.<\/p>\n<p>It is incumbent upon the international community, European institutions, NGOs, and citizens themselves to maintain pressure, document abuses, and support dissenting voices. Today, no minority is safe, and the principles of equality, freedom, and human dignity are in jeopardy.<\/p>\n<p>&nbsp;<\/p>\n<h4><strong>References<\/strong><\/h4>\n<ul>\n<li data-start=\"173\" data-end=\"299\">\n<p data-start=\"176\" data-end=\"299\"><a href=\"https:\/\/www.hrw.org\/world-report\/2025\/country-chapters\/turkey\"><strong data-start=\"176\" data-end=\"199\">Human Rights Watch.<\/strong> <em data-start=\"200\" data-end=\"229\">World Report 2025 \u2013 Turkey.<\/em><\/a><\/p>\n<\/li>\n<li data-start=\"301\" data-end=\"421\">\n<p data-start=\"304\" data-end=\"421\"><a href=\"https:\/\/www.engelliweb.com\/raporlar\"><strong data-start=\"304\" data-end=\"319\">EngelliWeb.<\/strong> <em data-start=\"320\" data-end=\"377\">Turkey Blocks \u2013 Annual Internet Censorship Report 2024.<\/em><\/a><\/p>\n<\/li>\n<li data-start=\"423\" data-end=\"591\">\n<p data-start=\"426\" data-end=\"591\"><a href=\"https:\/\/www.hrw.org\/news\/2024\/08\/21\/turkey-instagram-block\"><strong data-start=\"426\" data-end=\"449\">Human Rights Watch.<\/strong> <em data-start=\"450\" data-end=\"510\">Turkey: Authorities block Instagram amid regional tensions<\/em>, August 2024.<\/a><\/p>\n<\/li>\n<li data-start=\"593\" data-end=\"757\">\n<p data-start=\"596\" data-end=\"757\"><a href=\"https:\/\/bianet.org\/english\/freedom-of-expression\/289330-bia-media-monitoring-2025-first-quarter\"><strong data-start=\"596\" data-end=\"607\">Bianet.<\/strong> <em data-start=\"608\" data-end=\"653\">BIA Media Monitoring Report (Jan\u2013Mar 2025).<\/em><\/a><\/p>\n<\/li>\n<li data-start=\"759\" data-end=\"890\">\n<p data-start=\"762\" data-end=\"890\"><a href=\"https:\/\/www.bbc.com\/news\/articles\/c5ypxedzny4o\"><strong data-start=\"762\" data-end=\"778\">BBC Turkish.<\/strong> <em data-start=\"779\" data-end=\"822\">Journalists detained after March protests<\/em>, March 2025.<\/a><\/p>\n<\/li>\n<li data-start=\"892\" data-end=\"1043\">\n<p data-start=\"895\" data-end=\"1043\"><a href=\"https:\/\/www.nhc.no\/en\/freedom-of-expression-in-turkey-2025\"><strong data-start=\"895\" data-end=\"928\">Norwegian Helsinki Committee.<\/strong> <em data-start=\"929\" data-end=\"976\">Freedom of Expression in Turkey: 2025 Update.<\/em><\/a><\/p>\n<\/li>\n<li data-start=\"1045\" data-end=\"1200\">\n<p data-start=\"1048\" data-end=\"1200\"><a href=\"https:\/\/www.bbc.com\/news\/articles\/cly34rg5ee5o\"><strong data-start=\"1048\" data-end=\"1064\">BBC Turkish.<\/strong> <em data-start=\"1065\" data-end=\"1132\">Journalists arrested and expelled in Turkey over protest coverage<\/em>, March 2025.<\/a><\/p>\n<\/li>\n<li data-start=\"1202\" data-end=\"1374\">\n<p data-start=\"1205\" data-end=\"1374\"><a href=\"https:\/\/bianet.org\/english\/media\/289410-reporters-on-trial-after-protest-coverage\"><strong data-start=\"1205\" data-end=\"1216\">Bianet.<\/strong> <em data-start=\"1217\" data-end=\"1271\">Reporters face charges after Istanbul mayor protests<\/em>, March 2025.<\/a><\/p>\n<\/li>\n<li data-start=\"1376\" data-end=\"1569\">\n<p data-start=\"1379\" data-end=\"1569\"><a href=\"https:\/\/bianet.org\/english\/freedom-of-expression\/289500-crackdown-on-investigative-reporting\"><strong data-start=\"1379\" data-end=\"1390\">Bianet.<\/strong> <em data-start=\"1391\" data-end=\"1446\">Crackdown on investigative journalists in HDK inquiry<\/em>, February\u2013March 2025.<\/a><\/p>\n<\/li>\n<li data-start=\"1571\" data-end=\"1713\">\n<p data-start=\"1575\" data-end=\"1713\"><a href=\"https:\/\/www.nhc.no\/en\/press-freedom-turkey-2025\"><strong data-start=\"1575\" data-end=\"1608\">Norwegian Helsinki Committee.<\/strong> <em data-start=\"1609\" data-end=\"1657\">Press Freedom Under Siege: Turkey 2025 Update.<\/em><\/a><\/p>\n<\/li>\n<li data-start=\"1715\" data-end=\"1866\">\n<p data-start=\"1719\" data-end=\"1866\"><a href=\"https:\/\/www.nhc.no\/en\/turkey-protest-ban-2025\/\"><strong data-start=\"1719\" data-end=\"1752\">Norwegian Helsinki Committee.<\/strong> <em data-start=\"1753\" data-end=\"1798\">Mass protests and civil liberties in Turkey<\/em>, March 2025.<\/a><\/p>\n<\/li>\n<li data-start=\"1868\" data-end=\"2026\">\n<p data-start=\"1872\" data-end=\"2026\"><a href=\"https:\/\/apnews.com\/article\/turkey-protests-istanbul-arrests-2025\"><strong data-start=\"1872\" data-end=\"1884\">AP News.<\/strong> <em data-start=\"1885\" data-end=\"1940\">Turkey restricts protests after Istanbul mayor arrest<\/em>, March 2025.<\/a><\/p>\n<\/li>\n<li data-start=\"2028\" data-end=\"2179\">\n<p data-start=\"2032\" data-end=\"2179\"><a href=\"https:\/\/apnews.com\/article\/turkey-police-force-march-protests\"><strong data-start=\"2032\" data-end=\"2044\">AP News.<\/strong> <em data-start=\"2045\" data-end=\"2096\">Police use force during banned protests in Turkey<\/em>, March 2025.<\/a><\/p>\n<\/li>\n<li data-start=\"2181\" data-end=\"2374\">\n<p data-start=\"2185\" data-end=\"2374\"><a href=\"https:\/\/bianet.org\/english\/politics\/289620-repression-of-local-politicians-and-activists\"><strong data-start=\"2185\" data-end=\"2196\">Bianet.<\/strong> <em data-start=\"2197\" data-end=\"2255\">Crackdown on political opposition and NGOs in early 2025<\/em>, February\u2013March 2025.<\/a><\/p>\n<\/li>\n<li data-start=\"2376\" data-end=\"2552\">\n<p data-start=\"2380\" data-end=\"2552\"><a href=\"https:\/\/apnews.com\/article\/turkey-imamoglu-arrest-corruption-2025\"><strong data-start=\"2380\" data-end=\"2392\">AP News.<\/strong> <em data-start=\"2393\" data-end=\"2465\">Turkish opposition mayor \u0130mamo\u011flu detained over corruption allegations<\/em>, March 2025.<\/a><\/p>\n<\/li>\n<li data-start=\"2554\" data-end=\"2720\">\n<p data-start=\"2558\" data-end=\"2720\"><a href=\"https:\/\/apnews.com\/article\/istanbul-mayor-political-persecution-2025\"><strong data-start=\"2558\" data-end=\"2570\">AP News.<\/strong> <em data-start=\"2571\" data-end=\"2630\">Political motives seen behind detention of Istanbul mayor<\/em>, March 2025.<\/a><\/p>\n<\/li>\n<li data-start=\"2722\" data-end=\"2886\">\n<p data-start=\"2726\" data-end=\"2886\"><a href=\"https:\/\/apnews.com\/article\/turkey-protests-mass-arrests-2025\"><strong data-start=\"2726\" data-end=\"2738\">AP News.<\/strong> <em data-start=\"2739\" data-end=\"2804\">Over 1,100 arrested in week of protests after mayor\u2019s detention<\/em>, March 2025.<\/a><\/p>\n<\/li>\n<li data-start=\"2888\" data-end=\"3067\">\n<p data-start=\"2892\" data-end=\"3067\"><a href=\"https:\/\/www.hrw.org\/news\/2025\/01\/25\/turkey-echr-ignored-political-detainees\"><strong data-start=\"2892\" data-end=\"2915\">Human Rights Watch.<\/strong> <em data-start=\"2916\" data-end=\"2968\">Turkey ignores ECHR rulings on political prisoners<\/em>, January 2025.<\/a><\/p>\n<\/li>\n<li data-start=\"3069\" data-end=\"3249\">\n<p data-start=\"3073\" data-end=\"3249\"><a href=\"https:\/\/bianet.org\/haber\/kih-dernegi-turkiye-yi-cedh-ye-sikayet-ettik-291058\"><strong data-start=\"3073\" data-end=\"3084\">Bianet.<\/strong> <em data-start=\"3085\" data-end=\"3151\">K\u0130H Association filed a complaint against Turkey before the ECHR<\/em>, March 2025.<\/a><\/p>\n<\/li>\n<li data-start=\"3251\" data-end=\"3377\">\n<p data-start=\"3255\" data-end=\"3377\"><a href=\"https:\/\/bianet.org\/haber\/erkek-siddeti-ocak-2025-290402\"><strong data-start=\"3255\" data-end=\"3266\">Bianet.<\/strong> <em data-start=\"3267\" data-end=\"3297\">Male violence \u2013 January 2025<\/em>, February 2025.<\/a><\/p>\n<\/li>\n<li data-start=\"3379\" data-end=\"3531\">\n<p data-start=\"3383\" data-end=\"3531\"><a href=\"https:\/\/bianet.org\/haber\/cocuklara-yonelik-cinsel-istismar-raporu-290427\"><strong data-start=\"3383\" data-end=\"3394\">Bianet.<\/strong> <em data-start=\"3395\" data-end=\"3450\">Sexual abuse against children report \u2013 February 2025.<\/em><\/a><\/p>\n<\/li>\n<li data-start=\"3533\" data-end=\"3658\">\n<p data-start=\"3537\" data-end=\"3658\"><a href=\"https:\/\/bianet.org\/haber\/erkek-siddeti-subat-2025-290891\"><strong data-start=\"3537\" data-end=\"3548\">Bianet.<\/strong> <em data-start=\"3549\" data-end=\"3580\">Male violence \u2013 February 2025<\/em>, March 2025.<\/a><\/p>\n<\/li>\n<li data-start=\"3660\" data-end=\"3781\">\n<p data-start=\"3664\" data-end=\"3781\"><a href=\"https:\/\/bianet.org\/haber\/erkek-siddeti-mart-2025-291302\"><strong data-start=\"3664\" data-end=\"3675\">Bianet.<\/strong> <em data-start=\"3676\" data-end=\"3704\">Male violence \u2013 March 2025<\/em>, April 2025.<\/a><\/p>\n<\/li>\n<li data-start=\"3783\" data-end=\"3903\">\n<p data-start=\"3787\" data-end=\"3903\"><a href=\"https:\/\/bianet.org\/haber\/erkek-siddeti-nisan-2025-291832\"><strong data-start=\"3787\" data-end=\"3798\">Bianet.<\/strong> <em data-start=\"3799\" data-end=\"3827\">Male violence \u2013 April 2025<\/em>, May 2025.<\/a><\/p>\n<\/li>\n<li data-start=\"3905\" data-end=\"4096\">\n<p data-start=\"3909\" data-end=\"4096\"><a href=\"https:\/\/bianet.org\/haber\/kadin-haklari-orgutlerinden-her-uc-gunde-bir-kadin-olduruluyor-291377\"><strong data-start=\"3909\" data-end=\"3920\">Bianet.<\/strong> <em data-start=\"3921\" data-end=\"3980\">Women&#8217;s rights groups: A woman is killed every three days<\/em>, April 2025.<\/a><\/p>\n<\/li>\n<li data-start=\"4098\" data-end=\"4226\">\n<p data-start=\"4102\" data-end=\"4226\"><a href=\"https:\/\/bianet.org\/haber\/toplumsal-cinsiyet-esitligi-raporu-291213\"><strong data-start=\"4102\" data-end=\"4113\">Bianet.<\/strong> <em data-start=\"4114\" data-end=\"4138\">Gender equality report<\/em>, April 2025.<\/a><\/p>\n<\/li>\n<li data-start=\"4228\" data-end=\"4393\">\n<p data-start=\"4232\" data-end=\"4393\"><a href=\"https:\/\/bianet.org\/haber\/kadin-cinayetlerinde-yargi-pratigi-elestirisi-290971\"><strong data-start=\"4232\" data-end=\"4243\">Bianet.<\/strong> <em data-start=\"4244\" data-end=\"4294\">Judicial practices in femicide trials criticized<\/em>, March 2025.<\/a><\/p>\n<\/li>\n<li data-start=\"4395\" data-end=\"4547\">\n<p data-start=\"4399\" data-end=\"4547\"><a href=\"https:\/\/bianet.org\/haber\/kurtaj-yasagi-tasarisina-karsi-protestolar-290942\"><strong data-start=\"4399\" data-end=\"4410\">Bianet.<\/strong> <em data-start=\"4411\" data-end=\"4451\">Protests against proposed abortion ban<\/em>, March 2025.<\/a><\/p>\n<\/li>\n<li data-start=\"4549\" data-end=\"4675\">\n<p data-start=\"4553\" data-end=\"4675\"><a href=\"https:\/\/bianet.org\/haber\/erkek-siddeti-ocak-2025-290402\"><strong data-start=\"4553\" data-end=\"4564\">Bianet.<\/strong> <em data-start=\"4565\" data-end=\"4595\">Male violence \u2013 January 2025<\/em>, February 2025.<\/a><\/p>\n<\/li>\n<li data-start=\"4677\" data-end=\"4802\">\n<p data-start=\"4681\" data-end=\"4802\"><a href=\"https:\/\/bianet.org\/haber\/erkek-siddeti-subat-2025-290891\"><strong data-start=\"4681\" data-end=\"4692\">Bianet.<\/strong> <em data-start=\"4693\" data-end=\"4724\">Male violence \u2013 February 2025<\/em>, March 2025.<\/a><\/p>\n<\/li>\n<li data-start=\"4804\" data-end=\"4961\">\n<p data-start=\"4808\" data-end=\"4961\"><a href=\"https:\/\/bianet.org\/haber\/cocuklara-yonelik-cinsel-istismar-subat-2025-290896\"><strong data-start=\"4808\" data-end=\"4819\">Bianet.<\/strong> <em data-start=\"4820\" data-end=\"4863\">Child sexual abuse report \u2013 February 2025<\/em>, March 2025.<\/a><\/p>\n<\/li>\n<li data-start=\"4963\" data-end=\"5116\">\n<p data-start=\"4967\" data-end=\"5116\"><a href=\"https:\/\/bianet.org\/haber\/cocuklara-yonelik-cinsel-istismar-mart-2025-291341\"><strong data-start=\"4967\" data-end=\"4978\">Bianet.<\/strong> <em data-start=\"4979\" data-end=\"5019\">Child sexual abuse report \u2013 March 2025<\/em>, April 2025.<\/a><\/p>\n<\/li>\n<li data-start=\"5118\" data-end=\"5239\">\n<p data-start=\"5122\" data-end=\"5239\"><a href=\"https:\/\/bianet.org\/haber\/erkek-siddeti-mart-2025-291302\"><strong data-start=\"5122\" data-end=\"5133\">Bianet.<\/strong> <em data-start=\"5134\" data-end=\"5162\">Male violence \u2013 March 2025<\/em>, April 2025.<\/a><\/p>\n<\/li>\n<li data-start=\"5241\" data-end=\"5361\">\n<p data-start=\"5245\" data-end=\"5361\"><a href=\"https:\/\/bianet.org\/haber\/erkek-siddeti-nisan-2025-291832\"><strong data-start=\"5245\" data-end=\"5256\">Bianet.<\/strong> <em data-start=\"5257\" data-end=\"5285\">Male violence \u2013 April 2025<\/em>, May 2025.<\/a><\/p>\n<\/li>\n<li data-start=\"5363\" data-end=\"5564\">\n<p data-start=\"5367\" data-end=\"5564\"><a href=\"https:\/\/bianet.org\/english\/politics\/288601-two-mayors-dismissed-trustees-appointed-in-eastern-turkey\"><strong data-start=\"5367\" data-end=\"5378\">Bianet.<\/strong> <em data-start=\"5379\" data-end=\"5439\">Two mayors dismissed, trustees appointed in Eastern Turkey<\/em>, February 2025.<\/a><\/p>\n<\/li>\n<li data-start=\"5566\" data-end=\"5761\">\n<p data-start=\"5570\" data-end=\"5761\"><a href=\"https:\/\/bianet.org\/english\/lgbti\/289114-draft-law-threatens-lgbt-rights-in-name-of-family-values\"><strong data-start=\"5570\" data-end=\"5581\">Bianet.<\/strong> <em data-start=\"5582\" data-end=\"5643\">Draft law threatens LGBT+ rights in name of \u201cfamily values\u201d<\/em>, March 2025.<\/a><\/p>\n<\/li>\n<li data-start=\"5763\" data-end=\"5944\">\n<p data-start=\"5767\" data-end=\"5944\"><a href=\"https:\/\/bianet.org\/english\/lgbti\/289329-lgbt-events-banned-amid-2025-family-year-campaign\"><strong data-start=\"5767\" data-end=\"5778\">Bianet.<\/strong> <em data-start=\"5779\" data-end=\"5833\">LGBT+ events banned amid \u20182025 Family Year\u2019 campaign<\/em>, April 2025.<\/a><\/p>\n<\/li>\n<li data-start=\"5946\" data-end=\"6149\">\n<p data-start=\"5950\" data-end=\"6149\"><a href=\"https:\/\/bianet.org\/english\/lgbti\/289452-pride-events-attacked-no-legal-action-taken-against-aggressors\"><strong data-start=\"5950\" data-end=\"5961\">Bianet.<\/strong> <em data-start=\"5962\" data-end=\"6027\">Pride events attacked, no legal action taken against aggressors<\/em>, May 2025.<\/a><\/p>\n<\/li>\n<li data-start=\"6151\" data-end=\"6337\">\n<p data-start=\"6155\" data-end=\"6337\"><a href=\"https:\/\/www.lorientlejour.com\/article\/1449852\/le-pkk-annonce-un-cessez-le-feu-avec-la-turquie.html\"><strong data-start=\"6155\" data-end=\"6176\">L\u2019Orient-Le Jour.<\/strong> <em data-start=\"6177\" data-end=\"6214\">PKK announces ceasefire with Turkey<\/em>, March 1, 2025.<\/a><\/p>\n<\/li>\n<li data-start=\"6339\" data-end=\"6536\">\n<p data-start=\"6343\" data-end=\"6536\"><a href=\"https:\/\/www.washingtonpost.com\/world\/2025\/05\/12\/kurdish-pkk-turkey-ocalan\"><strong data-start=\"6343\" data-end=\"6367\">The Washington Post.<\/strong> <em data-start=\"6368\" data-end=\"6439\">Kurdish PKK agrees to dissolve, end decades-long conflict with Turkey<\/em>, May 12, 2025.<\/a><\/p>\n<\/li>\n<li data-start=\"6538\" data-end=\"6790\">\n<p data-start=\"6542\" data-end=\"6790\"><a href=\"https:\/\/www.yenisafak.com\/fr\/actualites\/la-turkiye-annonce-un-suivi-rigoureux-du-desarmement-et-de-la-dissolution-du-pkk-et-de-ses-affilies-41168\"><strong data-start=\"6542\" data-end=\"6557\">Yeni \u015eafak.<\/strong> <em data-start=\"6558\" data-end=\"6621\">Turkey announces follow-up on PKK disarmament and dissolution<\/em>, May 16, 2025.<\/a><\/p>\n<\/li>\n<li data-start=\"6792\" data-end=\"6953\">\n<p data-start=\"6796\" data-end=\"6953\"><a href=\"https:\/\/bianet.org\/haber\/suriyelilere-yonelik-irkci-saldirilar-artti-290782\"><strong data-start=\"6796\" data-end=\"6807\">Bianet.<\/strong> <em data-start=\"6808\" data-end=\"6853\">Wave of racist attacks on Syrians increases<\/em>, February 2025.<\/a><\/p>\n<\/li>\n<li data-start=\"6955\" data-end=\"7145\">\n<p data-start=\"6959\" data-end=\"7145\"><a href=\"https:\/\/bianet.org\/haber\/kayyum-ve-gozaltilarla-kurt-belediyelere-baski-289935\"><strong data-start=\"6959\" data-end=\"6970\">Bianet.<\/strong> <em data-start=\"6971\" data-end=\"7043\">Pressure on Kurdish municipalities through detentions and trusteeships<\/em>, January 2025.<\/a><\/p>\n<\/li>\n<li data-start=\"7147\" data-end=\"7316\">\n<p data-start=\"7151\" data-end=\"7316\"><a href=\"https:\/\/mezopotamyaajansi.com\/tum-haberler\/content\/view\/255876\"><strong data-start=\"7151\" data-end=\"7174\">Mezopotamya Ajans\u0131.<\/strong> <em data-start=\"7175\" data-end=\"7232\">Newroz 2025 celebrated under shadow of bans and arrests<\/em>, March 2025.<\/a><\/p>\n<\/li>\n<li data-start=\"7318\" data-end=\"7495\">\n<p data-start=\"7322\" data-end=\"7495\"><a href=\"https:\/\/www.agos.com.tr\/tr\/yazi\/29813\/sinagoglara-ve-ermeni-mezarliklarina-saldiri\"><strong data-start=\"7322\" data-end=\"7331\">Agos.<\/strong> <em data-start=\"7332\" data-end=\"7391\">Increase in attacks on synagogues and Armenian cemeteries<\/em>, April 2025.<\/a><\/p>\n<\/li>\n<li data-start=\"7497\" data-end=\"7682\">\n<p data-start=\"7501\" data-end=\"7682\"><a href=\"https:\/\/www.evrensel.net\/haber\/502891\/roman-cocuklara-ayri-siniflar\"><strong data-start=\"7501\" data-end=\"7514\">Evrensel.<\/strong> <em data-start=\"7515\" data-end=\"7593\">Separate classrooms for Roma children: discrimination in education continues<\/em>, March 2025.<\/a><\/p>\n<\/li>\n<li data-start=\"7684\" data-end=\"7860\">\n<p data-start=\"7688\" data-end=\"7860\"><a href=\"https:\/\/www.hrw.org\/news\/2025\/05\/12\/turkey-discriminatory-restrictions-movement\"><strong data-start=\"7688\" data-end=\"7711\">Human Rights Watch.<\/strong> <em data-start=\"7712\" data-end=\"7761\">Turkey: Discriminatory restrictions on movement<\/em>, May 2025.<\/a><\/p>\n<\/li>\n<\/ul>\n<div id=\"simple-translate\" class=\"simple-translate-system-theme\">\n<div>\n<div class=\"simple-translate-button isShow\" style=\"background-image: url('moz-extension:\/\/6bb04b74-07ad-4efc-8f34-39df1d8cd40f\/icons\/512.png'); height: 22px; width: 22px; top: 9190px; left: 1px;\"><\/div>\n<div class=\"simple-translate-panel \" style=\"width: 300px; height: 200px; top: 0px; left: 0px; font-size: 13px;\">\n<div class=\"simple-translate-result-wrapper\" style=\"overflow: hidden;\">\n<div class=\"simple-translate-move\" draggable=\"true\"><\/div>\n<div class=\"simple-translate-result-contents\">\n<p class=\"simple-translate-result\" dir=\"auto\">\n<p class=\"simple-translate-candidate\" dir=\"auto\">\n<\/div>\n<\/div>\n<\/div>\n<\/div>\n<\/div>\n","protected":false},"excerpt":{"rendered":"<p>Introduction In the first half of 2025, the human rights situation in T\u00fcrkiye continues to raise serious concerns within the international community. Despite a constitutional framework that formally guarantees fundamental freedoms, the Turkish authorities have intensified restrictive measures targeting freedom of expression, press freedom, the right to assembly and association, as well as political opposition. &hellip;<\/p>\n","protected":false},"author":1,"featured_media":1326,"comment_status":"closed","ping_status":"closed","sticky":false,"template":"","format":"standard","meta":{"footnotes":""},"categories":[10,47,50,3,8,24,25,74],"tags":[],"class_list":["post-1322","post","type-post","status-publish","format-standard","has-post-thumbnail","","category-human-rights","category-kurd","category-kurds","category-minorities","category-news","category-religious-minorities","category-turkey","category-turkiye"],"_links":{"self":[{"href":"https:\/\/www.zagros-centre.org\/en\/index.php?rest_route=\/wp\/v2\/posts\/1322","targetHints":{"allow":["GET"]}}],"collection":[{"href":"https:\/\/www.zagros-centre.org\/en\/index.php?rest_route=\/wp\/v2\/posts"}],"about":[{"href":"https:\/\/www.zagros-centre.org\/en\/index.php?rest_route=\/wp\/v2\/types\/post"}],"author":[{"embeddable":true,"href":"https:\/\/www.zagros-centre.org\/en\/index.php?rest_route=\/wp\/v2\/users\/1"}],"replies":[{"embeddable":true,"href":"https:\/\/www.zagros-centre.org\/en\/index.php?rest_route=%2Fwp%2Fv2%2Fcomments&post=1322"}],"version-history":[{"count":15,"href":"https:\/\/www.zagros-centre.org\/en\/index.php?rest_route=\/wp\/v2\/posts\/1322\/revisions"}],"predecessor-version":[{"id":1336,"href":"https:\/\/www.zagros-centre.org\/en\/index.php?rest_route=\/wp\/v2\/posts\/1322\/revisions\/1336"}],"wp:featuredmedia":[{"embeddable":true,"href":"https:\/\/www.zagros-centre.org\/en\/index.php?rest_route=\/wp\/v2\/media\/1326"}],"wp:attachment":[{"href":"https:\/\/www.zagros-centre.org\/en\/index.php?rest_route=%2Fwp%2Fv2%2Fmedia&parent=1322"}],"wp:term":[{"taxonomy":"category","embeddable":true,"href":"https:\/\/www.zagros-centre.org\/en\/index.php?rest_route=%2Fwp%2Fv2%2Fcategories&post=1322"},{"taxonomy":"post_tag","embeddable":true,"href":"https:\/\/www.zagros-centre.org\/en\/index.php?rest_route=%2Fwp%2Fv2%2Ftags&post=1322"}],"curies":[{"name":"wp","href":"https:\/\/api.w.org\/{rel}","templated":true}]}}