{"id":41,"date":"2019-09-11T00:00:14","date_gmt":"2019-09-11T00:00:14","guid":{"rendered":"https:\/\/www.zagros-centre.org\/en\/?p=41"},"modified":"2019-09-23T01:15:59","modified_gmt":"2019-09-23T01:15:59","slug":"participation-in-the-conference-a-democratic-turkey-for-all","status":"publish","type":"post","link":"https:\/\/www.zagros-centre.org\/en\/?p=41","title":{"rendered":"Participation in the Conference: A democratic Turkey for all"},"content":{"rendered":"<div class=\"tlid-results-container results-container\">\n<div class=\"tlid-result result-dict-wrapper\">\n<div class=\"result tlid-copy-target\">\n<div class=\"text-wrap tlid-copy-target\">\n<div class=\"result-shield-container tlid-copy-target\" tabindex=\"0\"><span class=\"tlid-translation translation\" lang=\"en\"><img loading=\"lazy\" decoding=\"async\" class=\"size-large wp-image-42 aligncenter\" src=\"https:\/\/www.zagros-centre.org\/en\/wp-content\/uploads\/2019\/09\/20190911_144504-1024x498.jpg\" alt=\"\" width=\"618\" height=\"301\" srcset=\"https:\/\/www.zagros-centre.org\/en\/wp-content\/uploads\/2019\/09\/20190911_144504-1024x498.jpg 1024w, https:\/\/www.zagros-centre.org\/en\/wp-content\/uploads\/2019\/09\/20190911_144504-300x146.jpg 300w, https:\/\/www.zagros-centre.org\/en\/wp-content\/uploads\/2019\/09\/20190911_144504-768x373.jpg 768w\" sizes=\"auto, (max-width: 618px) 100vw, 618px\" \/><\/span><\/div>\n<div tabindex=\"0\"><\/div>\n<div class=\"result-shield-container tlid-copy-target\" tabindex=\"0\">\n<p><span class=\"tlid-translation translation\" lang=\"en\">A conference was held on 11 September 2019 at the invitation of PS National Councilors Carlo Sommaruga (Geneva) and Fabian Molina (Zurich) at the Federal Palace in Bern. Our Association has been invited to participate in this conference.<\/span><\/p>\n<p>The speakers were:<\/p>\n<p>&#8211; Carlo Sommaruga, National Counselor, PS Geneva, Conference Director<br \/>\n&#8211; Ertu\u011frul K\u00fcrk\u00e7\u00fc, former HDP MP, Cologne<br \/>\n&#8211; Y\u0131ld\u0131r\u0131m Kaya, member of the CHP leadership, MP Ankara, Turkey<br \/>\n&#8211; Lami \u00d6zgen, former President Union KESK Public Services Union, Berne<br \/>\n&#8211; Yurdusev \u00d6zs\u00f6kmenler, former HDP MP, KESK, Zug<br \/>\n&#8211; Mustafa Atici, President PS Migrant-e-s Switzerland, candidate for the National Council, Basel<br \/>\n&#8211; Fabian Molina, National Councilor, PS Zurich, balance sheet<\/p>\n<p>The two main speakers; Honorary President of the People&#8217;s Democratic Party (HDP) Ertu\u011frul K\u00fcrk\u00e7\u00fc and Vice President of the Republican People&#8217;s Party (CHP) Yildirim Kaya spoke of a &#8220;coup d&#8217;etat from above&#8221;, which continues for years by the Justice and Development Party (AKP), in power since 2002, under the leadership of current President Recep Tayyip Erdo\u011fan. They pointed out that Europe has failed to become a place of blackmail because of the refugee issue. Kaya and K\u00fcrk\u00e7\u00fc also said that &#8220;Turkey wants to go to Europe. For that, we need your support. Europe must no longer remain silent about the repression in Turkey &#8220;.<\/p>\n<p>PS National Councilor Carlo Sommaruga said &#8220;They need our solidarity. Swiss foreign policy must finally intervene publicly and demand respect for democratic elections and human rights in Turkey &#8220;.<\/p>\n<p>&#8220;Political conflicts must be resolved through dialogue and negotiations geared towards solutions, not violence,&#8221; said PS National Councilor Fabian Molina. &#8220;Switzerland must play a more active role than before.&#8221;<\/p>\n<p>All speakers criticized the testimony of the HDP mayors of Diyarbak\u0131r, Mardin and Van by the Turkish Minister of the Interior on 19 August, as well as the purely political condemnation of the presidents of the Istanbul CHP, Canan Kaftanc\u0131o\u011flu , to more than nine years in prison for a simple Twitter message.<\/p>\n<p>Participants at the conference called on Switzerland to make a greater commitment than in the past to end the violence and respect democracy, the rule of law and human rights in Turkey.<\/p>\n<\/div>\n<div tabindex=\"0\"><\/div>\n<\/div>\n<\/div>\n<\/div>\n<div tabindex=\"0\"><img loading=\"lazy\" decoding=\"async\" class=\"aligncenter size-large wp-image-43\" src=\"https:\/\/www.zagros-centre.org\/en\/wp-content\/uploads\/2019\/09\/2019-09-11_PS-Invitation_Future-de-la-Turquie-1-665x1024.jpg\" alt=\"\" width=\"618\" height=\"952\" srcset=\"https:\/\/www.zagros-centre.org\/en\/wp-content\/uploads\/2019\/09\/2019-09-11_PS-Invitation_Future-de-la-Turquie-1-665x1024.jpg 665w, https:\/\/www.zagros-centre.org\/en\/wp-content\/uploads\/2019\/09\/2019-09-11_PS-Invitation_Future-de-la-Turquie-1-195x300.jpg 195w, https:\/\/www.zagros-centre.org\/en\/wp-content\/uploads\/2019\/09\/2019-09-11_PS-Invitation_Future-de-la-Turquie-1-768x1183.jpg 768w, https:\/\/www.zagros-centre.org\/en\/wp-content\/uploads\/2019\/09\/2019-09-11_PS-Invitation_Future-de-la-Turquie-1.jpg 2034w\" sizes=\"auto, (max-width: 618px) 100vw, 618px\" \/><\/div>\n<\/div>\n<div tabindex=\"0\"><\/div>\n<div tabindex=\"0\">Video :<\/div>\n<div tabindex=\"0\">https:\/\/www.youtube.com\/watch?v=EhbkkMBFqsA<\/div>\n","protected":false},"excerpt":{"rendered":"<p>A conference was held on 11 September 2019 at the invitation of PS National Councilors Carlo Sommaruga (Geneva) and Fabian Molina (Zurich) at the Federal Palace in Bern. Our Association has been invited to participate in this conference. The speakers were: &#8211; Carlo Sommaruga, National Counselor, PS Geneva, Conference Director &#8211; Ertu\u011frul K\u00fcrk\u00e7\u00fc, former HDP &hellip;<\/p>\n","protected":false},"author":1,"featured_media":42,"comment_status":"open","ping_status":"open","sticky":false,"template":"","format":"standard","meta":{"footnotes":""},"categories":[22,28,18,26,25],"tags":[],"class_list":["post-41","post","type-post","status-publish","format-standard","has-post-thumbnail","","category-activity","category-conference","category-report","category-switzerland","category-turkey"],"_links":{"self":[{"href":"https:\/\/www.zagros-centre.org\/en\/index.php?rest_route=\/wp\/v2\/posts\/41","targetHints":{"allow":["GET"]}}],"collection":[{"href":"https:\/\/www.zagros-centre.org\/en\/index.php?rest_route=\/wp\/v2\/posts"}],"about":[{"href":"https:\/\/www.zagros-centre.org\/en\/index.php?rest_route=\/wp\/v2\/types\/post"}],"author":[{"embeddable":true,"href":"https:\/\/www.zagros-centre.org\/en\/index.php?rest_route=\/wp\/v2\/users\/1"}],"replies":[{"embeddable":true,"href":"https:\/\/www.zagros-centre.org\/en\/index.php?rest_route=%2Fwp%2Fv2%2Fcomments&post=41"}],"version-history":[{"count":2,"href":"https:\/\/www.zagros-centre.org\/en\/index.php?rest_route=\/wp\/v2\/posts\/41\/revisions"}],"predecessor-version":[{"id":45,"href":"https:\/\/www.zagros-centre.org\/en\/index.php?rest_route=\/wp\/v2\/posts\/41\/revisions\/45"}],"wp:featuredmedia":[{"embeddable":true,"href":"https:\/\/www.zagros-centre.org\/en\/index.php?rest_route=\/wp\/v2\/media\/42"}],"wp:attachment":[{"href":"https:\/\/www.zagros-centre.org\/en\/index.php?rest_route=%2Fwp%2Fv2%2Fmedia&parent=41"}],"wp:term":[{"taxonomy":"category","embeddable":true,"href":"https:\/\/www.zagros-centre.org\/en\/index.php?rest_route=%2Fwp%2Fv2%2Fcategories&post=41"},{"taxonomy":"post_tag","embeddable":true,"href":"https:\/\/www.zagros-centre.org\/en\/index.php?rest_route=%2Fwp%2Fv2%2Ftags&post=41"}],"curies":[{"name":"wp","href":"https:\/\/api.w.org\/{rel}","templated":true}]}}