{"id":95,"date":"2020-05-06T00:00:34","date_gmt":"2020-05-05T22:00:34","guid":{"rendered":"https:\/\/www.zagros-centre.org\/en\/?p=95"},"modified":"2020-05-09T03:11:55","modified_gmt":"2020-05-09T01:11:55","slug":"call-to-place-afrin-under-international-protection","status":"publish","type":"post","link":"https:\/\/www.zagros-centre.org\/en\/?p=95","title":{"rendered":"Call to place Afrin under International Protection"},"content":{"rendered":"<p>\u201c45 <span class=\"tlid-translation translation\" lang=\"en\"><span class=\"\" title=\"\">Syrian and international organizations<\/span><\/span> call on bringing an end to the suffering of residents in Afrin, ending daily human rights violations and facilitating a safe return of the forcibly displaced population. We also call for the formation of\u00a0 a civilian council consisting of the local population of Afrin\u201d.<\/p>\n<p>On April 28th, 2020 a large explosion hit the city of Afrin, causing the loss of no less than 60 lives. The majority of these casualties were innocent civilians, in addition to scores of injured and missing people, plus massive material damage. This was the single deadliest attack since the area was militarily occupied by Turkey and factions of Turkey-backed &#8220;Syrian National Army&#8221; (SNA) in March 2018.<\/p>\n<p>In the months and years following Afrin\u2019s occupation, the region witnessed systematic and widespread violations against its indigenous Syrian Kurdish inhabitants. Thousands of such violations have occurred. These violations, as documented by Human Rights Watch and Amnesty international, included private property confiscation, arbitrary detention, torture, enforced disappearances, and looting.<\/p>\n<p>The UN Commission of Inquiry on Syria reported on the continuity of this type of violations in its latest report on January 2020, in which it found that the Turkish-backed forces of SNA had \u201cperpetrated the war crime of murder and repeatedly committed the war crimes of pillaging, hostage-taking, cruel treatment, and torture, as well as serious contravention of the right to enjoyment of possessions and property\u201d.<\/p>\n<p>These violations which were and still are being committed in Afrin, are part of a policy of ethnic persecution aimed at wide-scale demographic change in the area, including by changing its identity and population. Many local and Syrian sources confirm that forced displacement in Afrin has affected around 65% of the region\u2019s indigenous population after Turkish army\u2019s operation &#8220;Olive Branch&#8221;, and its subsequent military occupation. The region, furthermore, hosted tens of thousands of IDPs from various Syrian regions prior to this invasion.<\/p>\n<p>The signatory organizations of this statement, while in strongest terms denouncing and condemning the terrorist attack which took place in Afrin during the blessed month of Ramadan; and calling for holding the perpetrators accountable, whichever party was behind the attack; call on the international community, represented by The Security Council, European Union, Arab League and NATO to:<\/p>\n<ol>\n<li>Take immediate action to protect the civilian population of Afrin, and hold the Turkish government accountable under the Fourth Geneva Convention, including its primary responsibility as an occupying power. Moreover, the safety of the population must be ensured and instances of forced displacement monitored, in addition to safeguarding the return of the indigenous population to their homes, and halting the wide-scale ethnic targeting \u201cTurkification\u201d by changing the names of locations, villages and cultural heritage sites in the area.<\/li>\n<li>Take immediate action aimed at expelling extremist groups belonging to the Syrian National Army out of Afrin, and guaranteeing the return of all displaced people who were forced out of the area, returning confiscated property, compensating the victims and maintaining the area\u2019s<\/li>\n<li>Issue an international resolution that forces the Turkish government to bring an end to its military occupation of all Syrian areas, within a specific timeframe.<\/li>\n<li>Guarantee accountability for all perpetrators of human rights violations in Afrin, and pledge to compensate the victims through an independent, impartial and neutral justice procdure.<\/li>\n<\/ol>\n<p>Signatory organization:<\/p>\n<table style=\"height: 1712px;\" width=\"966\">\n<tbody>\n<tr>\n<td width=\"300\"><a href=\"http:\/\/tevnakurdi.org\/\">TEVNA KURDI<\/a><\/td>\n<td width=\"300\"><a href=\"https:\/\/www.facebook.com\/\u0645\u0646\u0638\u0645\u0629-\u0634\u0645\u0633-\u0644\u0644\u062a\u0623\u0647\u064a\u0644-\u0648\u0627\u0644\u062a\u0646\u0645\u064a\u0629-1744974068901976\/\">Sham organisation\u00a0<\/a><\/td>\n<\/tr>\n<tr>\n<td width=\"300\"><a href=\"https:\/\/www.facebook.com\/www.zagroscentre.org\/\">Centre Zagros pour les Droits de l&#8217;Homme<\/a><\/td>\n<td width=\"300\"><a href=\"https:\/\/www.facebook.com\/%D8%A5%D8%AA%D8%AD%D8%A7%D8%AF-%D9%86%D8%B3%D8%A7%D8%A1-%D9%83%D9%88%D8%B1%D8%AF%D8%B3%D8%AA%D8%A7%D9%86-%D8%B3%D9%88%D8%B1%D9%8A%D8%A7-362211773938558\/\">YEK\u00ceTIYA JIN\u00caN KURDISTAN\u00a0<\/a><\/td>\n<\/tr>\n<tr>\n<td width=\"300\"><a href=\"https:\/\/www.facebook.com\/kurdchr\/\">Kurdish Committee for Human Rights \/ Observer<\/a><\/td>\n<td width=\"300\">H C S K<\/td>\n<\/tr>\n<tr>\n<td width=\"300\"><a href=\"http:\/\/www.stj-sy.org\/\">Syrians for Truth and Justice-STJ<\/a><\/td>\n<td width=\"300\">Cod\u00ee4<\/td>\n<\/tr>\n<tr>\n<td width=\"300\"><a href=\"http:\/\/shar-dev.org\/\">Shar for Development\u00a0<\/a><\/td>\n<td width=\"300\">Mahabad Organization for Humen rights MOHR<\/td>\n<\/tr>\n<tr>\n<td width=\"300\"><a href=\"https:\/\/www.facebook.com\/syriancenter.34896.k8.red\/\">Syrian Center for the Defense of Human Rights\u00a0<\/a><\/td>\n<td width=\"300\"><a href=\"https:\/\/www.facebook.com\/civaka.hezen.1\">Syrian Kurdish civil Forces Gathering<\/a><\/td>\n<\/tr>\n<tr>\n<td width=\"300\"><a href=\"http:\/\/www.weoiraq.org\/\">Women Empowerment Organization\u00a0<\/a><\/td>\n<td width=\"300\"><a href=\"https:\/\/www.facebook.com\/xunav2019\/\">XunavAssociatiom\u00a0<\/a><\/td>\n<\/tr>\n<tr>\n<td width=\"300\"><a href=\"http:\/\/www.afrin-lekolin.net\/\">Lekolin Centr for Studies and Legal Researches _ Germany<\/a><\/td>\n<td width=\"300\"><a href=\"https:\/\/www.facebook.com\/syrianwomenscouncil\/?pageid=125998794771668&amp;ftentidentifier=535692263802317&amp;padding=0\">the syrian women council\u00a0<\/a><\/td>\n<\/tr>\n<tr>\n<td width=\"300\"><a href=\"https:\/\/www.facebook.com\/hitmaorg\/?__tn__=%2Cd%2CP-R&amp;eid=ARC8jR20Z-uCjhc3B79AyBTPrvancpyKz9_HdRo1Sr9MsvhRG-pOmzkPi1lCTSVeeYd_Ys0obbAXJiB7\">Hitma organization for cultural and Social Development<\/a><\/td>\n<td width=\"300\"><a href=\"https:\/\/www.facebook.com\/\u0645\u0646\u0638\u0645\u0629-\u0647\u0648\u0634\u064a\u0646-\u0644\u0644\u0641\u0643\u0631-\u0648\u0627\u0644\u062b\u0642\u0627\u0641\u0629-R\u00eaxistina-Ho\u015f\u00een-ya-\u00c7and-\u00fb-Raman-621350991341050\/\">Hoshin Organization for Thought and Culture<\/a><\/td>\n<\/tr>\n<tr>\n<td width=\"300\"><a href=\"https:\/\/www.facebook.com\/Mehabadorganization\/\">Mahabad Organization for Human Rights\u00a0<\/a><\/td>\n<td width=\"300\"><a href=\"https:\/\/www.facebook.com\/Platforma-Armanc-\u0645\u0646\u0635\u0629-\u0627\u0631\u0645\u0627\u0646\u062c-174723530089221\/\">armanc platforma for civil society<\/a><\/td>\n<\/tr>\n<tr>\n<td width=\"300\"><a href=\"https:\/\/www.facebook.com\/civaka.hezen.1\">Syrian Kurdish civil Forces Gathering<\/a><\/td>\n<td width=\"300\"><a href=\"http:\/\/Mafi%20merov70@gmail.com\">Human rights organisations afrin-syria<\/a><\/td>\n<\/tr>\n<tr>\n<td width=\"300\"><a href=\"\u0645%20https:\/www.facebook.com\/ARCO-Re\u0302kxirawa-Hari\u0302kariya-Zaroke\u0302n-Penaber-1509889935946319\">Assistance for Refugee\u2019s Children Organizatio ARCO<\/a><\/td>\n<td width=\"300\"><a href=\"https:\/\/www.gav4rd.org\/\">Gav for relief and development\u00a0<\/a><\/td>\n<\/tr>\n<tr>\n<td width=\"300\"><a href=\"http:\/\/fraternity-sy.org\/\">Fraternity Foundation for Human rights FFHR-Birat\u00ee<\/a><\/td>\n<td width=\"300\"><a href=\"https:\/\/www.facebook.com\/RojKarRD\/\">Roj Kar For Relief And Development &#8220;RKRD&#8221;<\/a><\/td>\n<\/tr>\n<tr>\n<td width=\"300\"><a href=\"https:\/\/www.facebook.com\/Kurdish-Swiss-Alliance-to-support-the-independence-of-Kurdistan-499035563764401\/\">KURDISH -SWISS ALLIANCE<\/a><\/td>\n<td width=\"300\"><a href=\"http:\/\/www.freeyezidi.org\/\">Free Yezidi Foundation<\/a><\/td>\n<\/tr>\n<tr>\n<td width=\"300\"><a href=\"https:\/\/www.facebook.com\/Act-For-Afrin-1633152846799399\/?__tn__=%2Cd%2CP-R&amp;eid=ARBCLoFbQzz3gLBcj1pni72M99JXETcwuNSrMuM4PoQJyjXeWC284iv-puaV_dgGgsi2QJsoMgSNa09W\">Act For Afrin\u00a0<\/a><\/td>\n<td width=\"300\"><a href=\"https:\/\/www.facebook.com\/rewangeh\">Rewanka<\/a><\/td>\n<\/tr>\n<tr>\n<td width=\"300\"><a href=\"https:\/\/www.facebook.com\/kurd.varde\/\">The Danish Kurdish Society in Varde<\/a><\/td>\n<td width=\"300\"><a href=\"http:\/\/afrinpost.net\/en\/\">AFRINPOST <\/a><\/td>\n<\/tr>\n<tr>\n<td width=\"300\"><a href=\"https:\/\/www.facebook.com\/OxfordCommittee\/\">Kurdish Women Union<\/a><\/td>\n<td width=\"300\"><a href=\"https:\/\/www.facebook.com\/Afrin-media-center-1973304852988634\/\">Afrin media center\u00a0<\/a><\/td>\n<\/tr>\n<tr>\n<td width=\"300\"><a href=\"http:\/\/www.hro-maf.org\/\">Kurdish Legal\u00a0 committee<\/a><\/td>\n<td width=\"300\"><a href=\"https:\/\/pel-cw.org\/\">P\u00caL- Civil Waves<\/a><\/td>\n<\/tr>\n<tr>\n<td width=\"300\"><a href=\"https:\/\/www.facebook.com\/P.SH.L.N\/\">PEACESHE-LEADER NETWORK<\/a><\/td>\n<td width=\"300\"><a href=\"http:\/\/www.hskurd.org\/\">Hayva Sor a kurd <\/a><\/td>\n<\/tr>\n<tr>\n<td width=\"300\"><a href=\"https:\/\/www.facebook.com\/Drazizfatime\/\">\u0645\u0646\u0638\u0645\u0629 \u0627\u0637\u0628\u0627\u0621 \u063a\u0631\u0628\u064a \u0643\u0648\u0631\u062f\u0633\u062a\u0627\u0646<\/a><\/td>\n<td width=\"300\"><a href=\"https:\/\/www.facebook.com\/\u0627\u0644\u0627\u062a\u062d\u0627\u062f-\u0627\u0644\u0646\u0633\u0627\u0626\u064a-\u0627\u0644\u0643\u0631\u062f\u064a-\u0641\u064a-\u0633\u0648\u0631\u064a\u0627-\u0631\u0648\u062f\u0648\u0632Hjks-1600621306826890\/\">Kurdish Women&#8217;s Union in Syria Rodoz<\/a><\/td>\n<\/tr>\n<tr>\n<td width=\"300\"><a href=\"http:\/\/www.oka.org.uk\/\">Oxford Kurdish Association (OKA)<\/a><\/td>\n<td width=\"300\"><a href=\"http:\/\/www.hro-maf.org\/\">Human Rights Organization in Syria- MAF<\/a><\/td>\n<\/tr>\n<tr>\n<td width=\"300\"><a href=\"https:\/\/www.facebook.com\/AfrinPlatform\/?modal=admin_todo_tour\">Afrin Platform<\/a><\/td>\n<td width=\"300\"><a href=\"https:\/\/www.facebook.com\/DAD.HUMAN\/\">Kurdish organization for human rights in Syria (DAD<\/a>)<\/td>\n<\/tr>\n<tr>\n<td width=\"300\"><a href=\"https:\/\/achrs.org\/english\/\">Amman Center for Human Rights Studies (ACHRS)<\/a><\/td>\n<td width=\"300\"><\/td>\n<\/tr>\n<\/tbody>\n<\/table>\n<p>&nbsp;<\/p>\n","protected":false},"excerpt":{"rendered":"<p>\u201c45 Syrian and international organizations call on bringing an end to the suffering of residents in Afrin, ending daily human rights violations and facilitating a safe return of the forcibly displaced population. We also call for the formation of\u00a0 a civilian council consisting of the local population of Afrin\u201d. On April 28th, 2020 a large &hellip;<\/p>\n","protected":false},"author":1,"featured_media":96,"comment_status":"closed","ping_status":"closed","sticky":false,"template":"","format":"standard","meta":{"footnotes":""},"categories":[34,33,10,4,12,3,23,35,29],"tags":[],"class_list":["post-95","post","type-post","status-publish","format-standard","has-post-thumbnail","","category-afrin","category-call","category-human-rights","category-human-rights-council","category-kurdistan","category-minorities","category-national-groups","category-occupation","category-syria"],"_links":{"self":[{"href":"https:\/\/www.zagros-centre.org\/en\/index.php?rest_route=\/wp\/v2\/posts\/95","targetHints":{"allow":["GET"]}}],"collection":[{"href":"https:\/\/www.zagros-centre.org\/en\/index.php?rest_route=\/wp\/v2\/posts"}],"about":[{"href":"https:\/\/www.zagros-centre.org\/en\/index.php?rest_route=\/wp\/v2\/types\/post"}],"author":[{"embeddable":true,"href":"https:\/\/www.zagros-centre.org\/en\/index.php?rest_route=\/wp\/v2\/users\/1"}],"replies":[{"embeddable":true,"href":"https:\/\/www.zagros-centre.org\/en\/index.php?rest_route=%2Fwp%2Fv2%2Fcomments&post=95"}],"version-history":[{"count":8,"href":"https:\/\/www.zagros-centre.org\/en\/index.php?rest_route=\/wp\/v2\/posts\/95\/revisions"}],"predecessor-version":[{"id":108,"href":"https:\/\/www.zagros-centre.org\/en\/index.php?rest_route=\/wp\/v2\/posts\/95\/revisions\/108"}],"wp:featuredmedia":[{"embeddable":true,"href":"https:\/\/www.zagros-centre.org\/en\/index.php?rest_route=\/wp\/v2\/media\/96"}],"wp:attachment":[{"href":"https:\/\/www.zagros-centre.org\/en\/index.php?rest_route=%2Fwp%2Fv2%2Fmedia&parent=95"}],"wp:term":[{"taxonomy":"category","embeddable":true,"href":"https:\/\/www.zagros-centre.org\/en\/index.php?rest_route=%2Fwp%2Fv2%2Fcategories&post=95"},{"taxonomy":"post_tag","embeddable":true,"href":"https:\/\/www.zagros-centre.org\/en\/index.php?rest_route=%2Fwp%2Fv2%2Ftags&post=95"}],"curies":[{"name":"wp","href":"https:\/\/api.w.org\/{rel}","templated":true}]}}