{"id":23,"date":"2020-05-06T00:00:51","date_gmt":"2020-05-05T21:00:51","guid":{"rendered":"https:\/\/www.zagros-centre.org\/tr\/?p=23"},"modified":"2024-08-07T09:52:31","modified_gmt":"2024-08-07T06:52:31","slug":"afrini-uluslararasi-koruma-altina-alma-ve-yabanci-gucleri-cikartma-daveti","status":"publish","type":"post","link":"https:\/\/www.zagros-centre.org\/tr\/2020\/05\/06\/afrini-uluslararasi-koruma-altina-alma-ve-yabanci-gucleri-cikartma-daveti\/","title":{"rendered":"Afrin\u2019i uluslararas\u0131 koruma alt\u0131na alma ve yabanc\u0131 g\u00fc\u00e7leri \u00e7\u0131kartma daveti"},"content":{"rendered":"<p style=\"text-align: justify;\">45 Suriyeli ve uluslararas\u0131 \u00f6rg\u00fctler Afrin halk\u0131na kar\u015f\u0131 g\u00fcnl\u00fck ihlalleri durdurmak, onlar\u0131n ac\u0131lar\u0131 son vermek,zorla yerinden edilmi\u015f insanlar\u0131 geri d\u00f6nd\u00fcrmak ve b\u00f6lgenin y\u00f6netimini halktan olu\u015fan ba\u011f\u0131ms\u0131z bir sivil konseye teslim etmek talep ediyor\u201d.<\/p>\n<p style=\"text-align: justify;\">28 Nisan 2020\u2019de, \u015fiddetli bir patlama Afrin \u015fehrini sarst\u0131 b\u00fcy\u00fck k\u0131sm\u0131 masum siviller olmak \u00fczere en az 60 ki\u015finin can\u0131n\u0131 ald\u0131, onlarca yaral\u0131, bir\u00e7ok kay\u0131p insanlar ve b\u00fcy\u00fck maddi kay\u0131plar b\u0131rakt\u0131. Mart 2018\u2019de b\u00f6lgenin T\u00fcrk ordusu ve \u201cSuriye Ulusal Ordusu \/ T\u00fcrkiye destekli\u201d gruplar taraf\u0131ndan askeri i\u015fgal edilmesinden bu yana en k\u00f6t\u00fc sonu\u00e7 olarak de\u011ferlendiriliyor.<\/p>\n<p style=\"text-align: justify;\">B\u00f6lgenin i\u015fgalinden aylar ve y\u0131llar sonra Afrin b\u00f6lgesi yerel insanlar\u0131 Suriye K\u00fcrtlerine kar\u015f\u0131 binlerce ihlale tan\u0131k oldu, ihlaler \u0130nsan Haklar\u0131 \u0130zleme (HRW) \u00d6rg\u00fct\u00fc taraf\u0131ndan belgelenen b\u00f6lge halk\u0131n\u0131n m\u00fclklerini el konmas\u0131 ve Uluslararas\u0131 Af \u00d6rg\u00fct\u00fc\u2019n\u00fcn belgeledi\u011fi \u015fekliyle keyfi g\u00f6zalt\u0131lar, zorla kaybetmeler, ya\u011fma ve soygun aras\u0131nda de\u011fi\u015fiyor. Birle\u015fmi\u015f Milletler taraf\u0131ndan kurulan Uluslararas\u0131 Soru\u015fturma Komisyonu Ocak ay\u0131nda yay\u0131nlanan son raporunda bu ihlal bi\u00e7imlerinin s\u00fcreklili\u011fini do\u011frulad\u0131 ve \u201d Suriye Ulusal Ordusu \u201d \u00e7at\u0131s\u0131 alt\u0131ndaki silahl\u0131 gruplar sava\u015f su\u00e7lar\u0131 ve m\u00fclkiyet hakk\u0131n\u0131n ihlal ettikleri kaydetti.<\/p>\n<p style=\"text-align: justify;\">Afrin\u2019de i\u015flenen ve hala devam eden ihlaller, b\u00f6lgede geni\u015f bir demografik de\u011fi\u015fiklik getirmeyi, kimli\u011fini ve n\u00fcf\u00fcs yap\u0131s\u0131n\u0131 de\u011fi\u015ftirmeyi ama\u00e7layan bir politikan\u0131n par\u00e7as\u0131d\u0131r. (yerel ve Suriyeli) kaynaklar sa\u011flanan ayn\u0131 rakamlar, T\u00fcrkiye taraf\u0131ndan ba\u015flat\u0131lan \u201cZeytin Dal\u0131\u201d askeri operasyonundan sonra yerli n\u00fcfusun% 65\u2019inden fazlas\u0131n\u0131n zorla yerinden edilmi\u015f, i\u015fgal \u00f6ncesinde ise Afrin\u2019de suriye\u2019nin farkl\u0131 b\u00f6lgelerinden on binlerce yerinden edilmi\u015f insan vard\u0131.<\/p>\n<p style=\"text-align: justify;\">Ramazan\u2019\u0131n kutsal ay\u0131nda Afrin\u2019de meydana gelen ter\u00f6rist sald\u0131r\u0131y\u0131 k\u0131nayan bu a\u00e7\u0131klamay\u0131 imzalayan \u00f6rg\u00fctler, bombalaman\u0131n arkas\u0131nda kim olursa olsun ilgilerin yarg\u0131lanmas\u0131 \u00e7a\u011f\u0131r\u0131yorlar ve Uluslararas\u0131 G\u00fcvenlik Konseyi, Avrupa Birli\u011fi, Arap Birli\u011fi ve NATO y\u0131 temsil edilen uluslararas\u0131 toplumuna \u00e7a\u011fr\u0131da bulunuyorlar:<\/p>\n<ol style=\"text-align: justify;\">\n<li>T\u00fcrk ordusu taraf\u0131ndan i\u015fgal edilen Afrin Suriyenin bir b\u00f6lgesi oldu\u011fu i\u00e7in ve b\u00f6lgeyi korumak i\u00e7in acil \u00f6nlemler almak, Halk g\u00fcvenli\u011fi, insanlar\u0131n yerinden olma hareketini ve zorla yerlerinden olmas\u0131 izlemek, yerli halk evlerine geri d\u00f6nd\u00fcrmek ve b\u00fcy\u00fck t\u00fcrkle\u015fme operasyonlar\u0131 durdurmak sonu\u00e7lar\u0131 T\u00fcrkiye\u2019ye ta\u015f\u0131tt\u0131rmak.<\/li>\n<li>Radikal gruplar\u0131n Afrin\u2019den uzakla\u015ft\u0131r\u0131lmak i\u00e7in acil \u00f6nlemler almak B\u00f6lgeden ayr\u0131lmak zorunda kalan t\u00fcm insanlar\u0131n geri d\u00f6nmesini sa\u011flamak \u00c7al\u0131nt\u0131 mallar\u0131 iade etmek, etkilenenleri telafi etmek ve b\u00f6lgenin kimli\u011fini korumak.<\/li>\n<li>T\u00fcrk h\u00fck\u00fcmetini belirli bir s\u00fcre i\u00e7inde Suriyedeki t\u00fcm b\u00f6lgelerini i\u015fgaline son vermeye zorlayan uluslararas\u0131 bir karar verilmesi.<\/li>\n<li>Afrin\u2019deki t\u00fcm insan haklar\u0131 ihlallerinin faillerini yarg\u0131lanmas\u0131n\u0131 sa\u011flamak ve etkilenenleri ayr\u0131m g\u00f6zetmeksizin telafi etmeyi taahh\u00fct etmek.<\/li>\n<\/ol>\n<p style=\"text-align: justify;\">\u0130mzalayan kurulu\u015flar:<\/p>\n<table width=\"949\">\n<tbody>\n<tr>\n<td width=\"300\"><a href=\"http:\/\/tevnakurdi.org\/\">TEVNA KURDI<\/a><\/td>\n<td width=\"300\"><a href=\"https:\/\/www.facebook.com\/%D9%85%D9%86%D8%B8%D9%85%D8%A9-%D8%B4%D9%85%D8%B3-%D9%84%D9%84%D8%AA%D8%A3%D9%87%D9%8A%D9%84-%D9%88%D8%A7%D9%84%D8%AA%D9%86%D9%85%D9%8A%D8%A9-1744974068901976\/\">Sham organisation\u00a0<\/a><\/td>\n<\/tr>\n<tr>\n<td width=\"300\"><a href=\"https:\/\/www.facebook.com\/www.zagroscentre.org\/\">Centre Zagros<\/a>\u00a0pour les Droits de l\u2019Homme<\/td>\n<td width=\"300\"><a href=\"https:\/\/www.facebook.com\/%D8%A5%D8%AA%D8%AD%D8%A7%D8%AF-%D9%86%D8%B3%D8%A7%D8%A1-%D9%83%D9%88%D8%B1%D8%AF%D8%B3%D8%AA%D8%A7%D9%86-%D8%B3%D9%88%D8%B1%D9%8A%D8%A7-362211773938558\/\">YEK\u00ceTIYA JIN\u00caN KURDISTAN\u00a0<\/a><\/td>\n<\/tr>\n<tr>\n<td width=\"300\"><a href=\"https:\/\/www.facebook.com\/kurdchr\/\">Kurdish Committee for Human Rights \/ Observer<\/a><\/td>\n<td width=\"300\">H C S K<\/td>\n<\/tr>\n<tr>\n<td width=\"300\"><a href=\"http:\/\/www.stj-sy.org\/\">Syrians for Truth and Justice-STJ<\/a><\/td>\n<td width=\"300\">Cod\u00ee4<\/td>\n<\/tr>\n<tr>\n<td width=\"300\"><a href=\"http:\/\/shar-dev.org\/\">Shar for Development\u00a0<\/a><\/td>\n<td width=\"300\">Mahabad Organization for Humen rights MOHR<\/td>\n<\/tr>\n<tr>\n<td width=\"300\"><a href=\"https:\/\/www.facebook.com\/syriancenter.34896.k8.red\/\">Syrian Center for the Defense of Human Rights\u00a0<\/a><\/td>\n<td width=\"300\"><a href=\"https:\/\/www.facebook.com\/civaka.hezen.1\">Syrian Kurdish civil Forces Gathering<\/a><\/td>\n<\/tr>\n<tr>\n<td width=\"300\"><a href=\"http:\/\/www.weoiraq.org\/\">Women Empowerment Organization\u00a0<\/a><\/td>\n<td width=\"300\"><a href=\"https:\/\/www.facebook.com\/xunav2019\/\">XunavAssociatiom\u00a0<\/a><\/td>\n<\/tr>\n<tr>\n<td width=\"300\"><a href=\"http:\/\/www.afrin-lekolin.net\/\">Lekolin Centr for Studies and Legal Researches _ Germany<\/a><\/td>\n<td width=\"300\"><a href=\"https:\/\/www.facebook.com\/syrianwomenscouncil\/?pageid=125998794771668&amp;ftentidentifier=535692263802317&amp;padding=0\">the syrian women council\u00a0<\/a><\/td>\n<\/tr>\n<tr>\n<td width=\"300\"><a href=\"https:\/\/www.facebook.com\/hitmaorg\/?__tn__=%2Cd%2CP-R&amp;eid=ARC8jR20Z-uCjhc3B79AyBTPrvancpyKz9_HdRo1Sr9MsvhRG-pOmzkPi1lCTSVeeYd_Ys0obbAXJiB7\">Hitma organization for cultural and Social Development<\/a><\/td>\n<td width=\"300\"><a href=\"https:\/\/www.facebook.com\/%D9%85%D9%86%D8%B8%D9%85%D8%A9-%D9%87%D9%88%D8%B4%D9%8A%D9%86-%D9%84%D9%84%D9%81%D9%83%D8%B1-%D9%88%D8%A7%D9%84%D8%AB%D9%82%D8%A7%D9%81%D8%A9-R%C3%AAxistina-Ho%C5%9F%C3%AEn-ya-%C3%87and-%C3%BB-Raman-621350991341050\/\">Hoshin Organization for Thought and Culture<\/a><\/td>\n<\/tr>\n<tr>\n<td width=\"300\"><a href=\"https:\/\/www.facebook.com\/Mehabadorganization\/\">Mahabad Organization for Human Rights\u00a0<\/a><\/td>\n<td width=\"300\"><a href=\"https:\/\/www.facebook.com\/Platforma-Armanc-%D9%85%D9%86%D8%B5%D8%A9-%D8%A7%D8%B1%D9%85%D8%A7%D9%86%D8%AC-174723530089221\/\">armanc platforma for civil society<\/a><\/td>\n<\/tr>\n<tr>\n<td width=\"300\"><a href=\"https:\/\/www.facebook.com\/civaka.hezen.1\">Syrian Kurdish civil Forces Gathering<\/a><\/td>\n<td width=\"300\"><a href=\"http:\/\/Mafi%20merov70@gmail.com\/\">Human rights organisations afrin-syria<\/a><\/td>\n<\/tr>\n<tr>\n<td width=\"300\"><a href=\"https:\/\/www.zagros-centre.org\/tr\/afrini-uluslararasi-koruma-altina-alma-ve-yabanci-gucleri-cikartma-daveti\/%D9%85%20https:\/www.facebook.com\/ARCO-Re%CC%82kxirawa-Hari%CC%82kariya-Zaroke%CC%82n-Penaber-1509889935946319\">Assistance for Refugee\u2019s Children Organizatio ARCO<\/a><\/td>\n<td width=\"300\"><a href=\"https:\/\/www.gav4rd.org\/\">Gav for relief and development\u00a0<\/a><\/td>\n<\/tr>\n<tr>\n<td width=\"300\"><a href=\"http:\/\/fraternity-sy.org\/\">Fraternity Foundation for Human rights FFHR-Birat\u00ee<\/a><\/td>\n<td width=\"300\"><a href=\"https:\/\/www.facebook.com\/RojKarRD\/\">Roj Kar For Relief And Development \u201cRKRD\u201d<\/a><\/td>\n<\/tr>\n<tr>\n<td width=\"300\"><a href=\"https:\/\/www.facebook.com\/Kurdish-Swiss-Alliance-to-support-the-independence-of-Kurdistan-499035563764401\/\">KURDISH -SWISS ALLIANCE<\/a><\/td>\n<td width=\"300\"><a href=\"http:\/\/www.freeyezidi.org\/\">Free Yezidi Foundation<\/a><\/td>\n<\/tr>\n<tr>\n<td width=\"300\"><a href=\"https:\/\/www.facebook.com\/Act-For-Afrin-1633152846799399\/?__tn__=%2Cd%2CP-R&amp;eid=ARBCLoFbQzz3gLBcj1pni72M99JXETcwuNSrMuM4PoQJyjXeWC284iv-puaV_dgGgsi2QJsoMgSNa09W\">Act For Afrin\u00a0<\/a><\/td>\n<td width=\"300\"><a href=\"https:\/\/www.facebook.com\/rewangeh\">Rewanka<\/a><\/td>\n<\/tr>\n<tr>\n<td width=\"300\"><a href=\"https:\/\/www.facebook.com\/kurd.varde\/\">The Danish Kurdish Society in Varde<\/a><\/td>\n<td width=\"300\"><a href=\"http:\/\/afrinpost.net\/en\/\">AFRINPOST<\/a><\/td>\n<\/tr>\n<tr>\n<td width=\"300\"><a href=\"https:\/\/www.facebook.com\/OxfordCommittee\/\">Kurdish Women Union<\/a><\/td>\n<td width=\"300\"><a href=\"https:\/\/www.facebook.com\/Afrin-media-center-1973304852988634\/\">Afrin media center\u00a0<\/a><\/td>\n<\/tr>\n<tr>\n<td width=\"300\"><a href=\"http:\/\/www.hro-maf.org\/\">Kurdish Legal\u00a0 committee<\/a><\/td>\n<td width=\"300\"><a href=\"https:\/\/pel-cw.org\/\">P\u00caL- Civil Waves<\/a><\/td>\n<\/tr>\n<tr>\n<td width=\"300\"><a href=\"https:\/\/www.facebook.com\/P.SH.L.N\/\">PEACESHE-LEADER NETWORK<\/a><\/td>\n<td width=\"300\"><a href=\"http:\/\/www.hskurd.org\/\">Hayva Sor a kurd<\/a><\/td>\n<\/tr>\n<tr>\n<td width=\"300\"><a href=\"https:\/\/www.facebook.com\/Drazizfatime\/\">\u0645\u0646\u0638\u0645\u0629 \u0627\u0637\u0628\u0627\u0621 \u063a\u0631\u0628\u064a \u0643\u0648\u0631\u062f\u0633\u062a\u0627\u0646<\/a><\/td>\n<td width=\"300\"><a href=\"https:\/\/www.facebook.com\/%D8%A7%D9%84%D8%A7%D8%AA%D8%AD%D8%A7%D8%AF-%D8%A7%D9%84%D9%86%D8%B3%D8%A7%D8%A6%D9%8A-%D8%A7%D9%84%D9%83%D8%B1%D8%AF%D9%8A-%D9%81%D9%8A-%D8%B3%D9%88%D8%B1%D9%8A%D8%A7-%D8%B1%D9%88%D8%AF%D9%88%D8%B2Hjks-1600621306826890\/\">Kurdish Women\u2019s Union in Syria Rodoz<\/a><\/td>\n<\/tr>\n<tr>\n<td width=\"300\"><a href=\"http:\/\/www.oka.org.uk\/\">Oxford Kurdish Association (OKA)<\/a><\/td>\n<td width=\"300\"><a href=\"http:\/\/www.hro-maf.org\/\">Human Rights Organization in Syria- MAF<\/a><\/td>\n<\/tr>\n<tr>\n<td width=\"300\"><a href=\"https:\/\/www.facebook.com\/AfrinPlatform\/?modal=admin_todo_tour\">Afrin Platform<\/a><\/td>\n<td width=\"300\"><a href=\"https:\/\/www.facebook.com\/DAD.HUMAN\/\">Kurdish organization for human rights in Syria (DAD<\/a>)<\/td>\n<\/tr>\n<tr>\n<td width=\"300\"><a href=\"https:\/\/achrs.org\/english\/\">Amman Center for Human Rights Studies (ACHRS)<\/a><\/td>\n<\/tr>\n<\/tbody>\n<\/table>\n<p style=\"text-align: justify;\">\n","protected":false},"excerpt":{"rendered":"<p>45 Suriyeli ve uluslararas\u0131 \u00f6rg\u00fctler Afrin halk\u0131na kar\u015f\u0131 g\u00fcnl\u00fck ihlalleri durdurmak, onlar\u0131n ac\u0131lar\u0131 son vermek,zorla yerinden edilmi\u015f insanlar\u0131 geri d\u00f6nd\u00fcrmak ve b\u00f6lgenin y\u00f6netimini halktan olu\u015fan ba\u011f\u0131ms\u0131z bir sivil konseye teslim etmek talep ediyor\u201d. 28 Nisan 2020\u2019de, \u015fiddetli bir patlama Afrin \u015fehrini sarst\u0131 b\u00fcy\u00fck k\u0131sm\u0131 masum siviller olmak \u00fczere en az 60 ki\u015finin can\u0131n\u0131 ald\u0131, onlarca &hellip;<\/p>\n","protected":false},"author":1,"featured_media":24,"comment_status":"open","ping_status":"open","sticky":false,"template":"","format":"standard","meta":{"footnotes":""},"categories":[12,4,13,10],"tags":[],"class_list":["post-23","post","type-post","status-publish","format-standard","has-post-thumbnail","","category-afrin","category-haberler","category-suriye","category-turkiye-2"],"_links":{"self":[{"href":"https:\/\/www.zagros-centre.org\/tr\/wp-json\/wp\/v2\/posts\/23","targetHints":{"allow":["GET"]}}],"collection":[{"href":"https:\/\/www.zagros-centre.org\/tr\/wp-json\/wp\/v2\/posts"}],"about":[{"href":"https:\/\/www.zagros-centre.org\/tr\/wp-json\/wp\/v2\/types\/post"}],"author":[{"embeddable":true,"href":"https:\/\/www.zagros-centre.org\/tr\/wp-json\/wp\/v2\/users\/1"}],"replies":[{"embeddable":true,"href":"https:\/\/www.zagros-centre.org\/tr\/wp-json\/wp\/v2\/comments?post=23"}],"version-history":[{"count":2,"href":"https:\/\/www.zagros-centre.org\/tr\/wp-json\/wp\/v2\/posts\/23\/revisions"}],"predecessor-version":[{"id":42,"href":"https:\/\/www.zagros-centre.org\/tr\/wp-json\/wp\/v2\/posts\/23\/revisions\/42"}],"wp:featuredmedia":[{"embeddable":true,"href":"https:\/\/www.zagros-centre.org\/tr\/wp-json\/wp\/v2\/media\/24"}],"wp:attachment":[{"href":"https:\/\/www.zagros-centre.org\/tr\/wp-json\/wp\/v2\/media?parent=23"}],"wp:term":[{"taxonomy":"category","embeddable":true,"href":"https:\/\/www.zagros-centre.org\/tr\/wp-json\/wp\/v2\/categories?post=23"},{"taxonomy":"post_tag","embeddable":true,"href":"https:\/\/www.zagros-centre.org\/tr\/wp-json\/wp\/v2\/tags?post=23"}],"curies":[{"name":"wp","href":"https:\/\/api.w.org\/{rel}","templated":true}]}}